{"id":32724,"date":"2017-06-14T18:40:52","date_gmt":"2017-06-14T17:40:52","guid":{"rendered":"\/parlonsen\/?p=32724"},"modified":"2017-06-14T18:40:52","modified_gmt":"2017-06-14T17:40:52","slug":"journees-du-patrimoine-et-des-moulins-a-negrepelisse-82","status":"publish","type":"post","link":"https:\/\/www.o-p-i.fr\/parlonsen\/parlons-en\/culture\/journees-du-patrimoine-et-des-moulins-a-negrepelisse-82\/","title":{"rendered":"Journ\u00e9es du patrimoine et des moulins&#8230; \u00e0 N\u00e8grepelisse (82)"},"content":{"rendered":"<p><strong>Samedi 17 et Dimanche 18 juin 2017<\/strong>, au moulin de 14 \u00e0 18 heures.<!--more--><br \/>\n<img data-recalc-dims=\"1\" loading=\"lazy\" decoding=\"async\" class=\"alignright size-medium wp-image-32726\" src=\"https:\/\/i0.wp.com\/www.o-p-i.fr\/parlonsen\/wp-content\/uploads\/moulins.jpg?resize=215%2C300&#038;ssl=1\" alt=\"\" width=\"215\" height=\"300\" srcset=\"https:\/\/i0.wp.com\/www.o-p-i.fr\/parlonsen\/wp-content\/uploads\/moulins.jpg?resize=215%2C300&amp;ssl=1 215w, https:\/\/i0.wp.com\/www.o-p-i.fr\/parlonsen\/wp-content\/uploads\/moulins.jpg?resize=108%2C150&amp;ssl=1 108w, https:\/\/i0.wp.com\/www.o-p-i.fr\/parlonsen\/wp-content\/uploads\/moulins.jpg?w=283&amp;ssl=1 283w\" sizes=\"auto, (max-width: 215px) 100vw, 215px\" \/>Tous les 3e week-ends de Juin, les Journ\u00e9es du Patrimoine de Pays et des Moulins mettent \u00e0 l\u2019honneur le b\u00e2ti traditionnel, les sites et paysages r\u00e9gionaux et le patrimoine immat\u00e9riel fran\u00e7ais. Pour cette 20e \u00e9dition, \u201cf\u00eatons ensemble le patrimoine rural\u201d en France les 17 et 18 juin 2017.<\/p>\n<p>Pour cette 20\u00e8me \u00e9dition, le moulin de N\u00e8grepelisse va revivre le temps du week-end. Cet \u00e9difice, habituellement ferm\u00e9 au public, pourra, ainsi reprendre un nouveau souffle. Le tintement de sa clochette et le glissement des meules laisseront le promeneur nostalgique<\/p>\n<p>Au programme :<\/p>\n<ul>\n<li>d\u00e9monstrations de savoir-faire de meunerie et exposition de vieux outils ruraux, \u00e0 l\u2019\u00e9tage du moulin de N\u00e8grepelisse, de 14 heures \u00e0 18 heures. Un sac de farine de pierre sera offert \u00e0 tous les visiteurs.<\/li>\n<li>Savez-vous \u00e0 quoi servait une scie \u00e0 dent, le rabot \u00e0 dents ou encore une serpette de vannier. Une dizaine de N\u00e8grepelissiens ont ainsi bien voulu faire d\u00e9couvrir aux jeunes g\u00e9n\u00e9rations, les outils utilis\u00e9s pour les divers travaux champ\u00eatres. Ces vieux objets r\u00e9v\u00e8lent notre patrimoine agricole oubli\u00e9.<\/li>\n<\/ul>\n<p>Acc\u00e8s : Arriv\u00e9 par le CD 115, prendre centre-ville de N\u00e8grepelisse. Se garer sur le parking du ch\u00e2teau et descendre le chemin du moulin sur 60 m.<br \/>\nTarifs : Gratuit<\/p>\n<p>En savoir plus,<a href=\"https:\/\/www.patrimoinedepays-moulins.org\/\" target=\"_blank\" rel=\"noopener noreferrer\"> cliquez ici<\/a><\/p>\n<p>Renseignements : Mairie de N\u00e8grepelisse 05 63 64 26 21 \/ La cuisine, centre d\u2019art et de design 05 63 67 39 74 \/ <a href=\"http:\/\/www.la-cuisine.fr\" target=\"_blank\" rel=\"noopener noreferrer\">www.la-cuisine.fr<\/a><br \/>\nLa commune de N\u00e8grepelisse a depuis toujours une vocation agricole, en raison de sa situation g\u00e9ographique (en bordure de l\u2019Aveyron apportant des limons). Avec l\u2019arriv\u00e9e de la m\u00e9canisation et les nouvelles m\u00e9thodes culturales, N\u00e8grepelisse a chang\u00e9 de visage. Les cultures c\u00e9r\u00e9ali\u00e8res intensives ont pris le pas sur l\u2019\u00e9change traditionnel. T\u00e9moignage de notre pass\u00e9 agricole, le moulin de N\u00e8grepelisse, inactif depuis 70 ans, utilisait la force de l\u2019eau pour la production de farine alimentaire humaine et animale. A l&rsquo;instar des pigeonniers, il est l&rsquo;un des repr\u00e9sentants les plus nobles de notre pass\u00e9 agricole.<\/p>\n<p><em> Communiqu\u00e9 par Aurore DEFFRENE<\/em><\/p>\n<p><a href=\"https:\/\/www.o-p-i.fr\/parlonsen\/agenda\/\"><strong>Retrouvez tous les \u00e9v\u00e9nements dans l&rsquo;agenda !<\/strong><\/a><\/p>\n<p>&nbsp;<\/p>\n","protected":false},"excerpt":{"rendered":"<div class=\"mh-excerpt\">Samedi 17 et Dimanche 18 juin 2017, au moulin de 14 \u00e0 18 heures.<\/div>\n","protected":false},"author":4,"featured_media":0,"comment_status":"open","ping_status":"open","sticky":false,"template":"","format":"standard","meta":{"om_disable_all_campaigns":false,"advanced_seo_description":"","jetpack_seo_html_title":"","jetpack_seo_noindex":false,"_jetpack_memberships_contains_paid_content":false,"footnotes":"","_links_to":"","_links_to_target":""},"categories":[3,52,42,1,54,2626],"tags":[100,981,1057],"class_list":{"0":"post-32724","1":"post","2":"type-post","3":"status-publish","4":"format-standard","6":"category-agriculture","7":"category-parlons-en","8":"category-a-cote-de-chez-nous","9":"category-culture","10":"category-loisirs","11":"category-n-135-juin-2017","12":"tag-negrepelisse","13":"tag-moulin","14":"tag-journees-du-patrimoine"},"jetpack_featured_media_url":"","views":{"total":0,"cached_at":"","cached_date":1738518975},"jetpack_likes_enabled":true,"jetpack_sharing_enabled":true,"jetpack_shortlink":"https:\/\/wp.me\/pg7Wxj-8vO","jetpack-related-posts":[],"_links":{"self":[{"href":"https:\/\/www.o-p-i.fr\/parlonsen\/wp-json\/wp\/v2\/posts\/32724","targetHints":{"allow":["GET"]}}],"collection":[{"href":"https:\/\/www.o-p-i.fr\/parlonsen\/wp-json\/wp\/v2\/posts"}],"about":[{"href":"https:\/\/www.o-p-i.fr\/parlonsen\/wp-json\/wp\/v2\/types\/post"}],"author":[{"embeddable":true,"href":"https:\/\/www.o-p-i.fr\/parlonsen\/wp-json\/wp\/v2\/users\/4"}],"replies":[{"embeddable":true,"href":"https:\/\/www.o-p-i.fr\/parlonsen\/wp-json\/wp\/v2\/comments?post=32724"}],"version-history":[{"count":0,"href":"https:\/\/www.o-p-i.fr\/parlonsen\/wp-json\/wp\/v2\/posts\/32724\/revisions"}],"wp:attachment":[{"href":"https:\/\/www.o-p-i.fr\/parlonsen\/wp-json\/wp\/v2\/media?parent=32724"}],"wp:term":[{"taxonomy":"category","embeddable":true,"href":"https:\/\/www.o-p-i.fr\/parlonsen\/wp-json\/wp\/v2\/categories?post=32724"},{"taxonomy":"post_tag","embeddable":true,"href":"https:\/\/www.o-p-i.fr\/parlonsen\/wp-json\/wp\/v2\/tags?post=32724"}],"curies":[{"name":"wp","href":"https:\/\/api.w.org\/{rel}","templated":true}]}}