{"id":32730,"date":"2017-06-15T10:12:37","date_gmt":"2017-06-15T09:12:37","guid":{"rendered":"\/parlonsen\/?p=32730"},"modified":"2017-06-29T20:49:49","modified_gmt":"2017-06-29T19:49:49","slug":"musiques-du-nouveau-monde-au-pays-des-tescous","status":"publish","type":"post","link":"https:\/\/www.o-p-i.fr\/parlonsen\/parlons-en\/culture\/musiques-du-nouveau-monde-au-pays-des-tescous\/","title":{"rendered":"Musiques du Nouveau  Monde&#8230; au Pays des Tescou&rsquo;s"},"content":{"rendered":"<p>L\u2019association HARP de Puycelsi pr\u00e9sente la 11\u00e8me \u00e9dition du festival Tarnais d\u00e9di\u00e9 \u00e0 l\u2019art vocal \u00a0<strong>du 18 au 28 juillet 2017.<\/strong><!--more--><\/p>\n<p><img data-recalc-dims=\"1\" loading=\"lazy\" decoding=\"async\" class=\"alignright wp-image-32731 size-full\" src=\"https:\/\/i0.wp.com\/www.o-p-i.fr\/parlonsen\/wp-content\/uploads\/Puycelsi.jpg?resize=425%2C607&#038;ssl=1\" alt=\"\" width=\"425\" height=\"607\" srcset=\"https:\/\/i0.wp.com\/www.o-p-i.fr\/parlonsen\/wp-content\/uploads\/Puycelsi.jpg?w=425&amp;ssl=1 425w, https:\/\/i0.wp.com\/www.o-p-i.fr\/parlonsen\/wp-content\/uploads\/Puycelsi.jpg?resize=210%2C300&amp;ssl=1 210w, https:\/\/i0.wp.com\/www.o-p-i.fr\/parlonsen\/wp-content\/uploads\/Puycelsi.jpg?resize=105%2C150&amp;ssl=1 105w, https:\/\/i0.wp.com\/www.o-p-i.fr\/parlonsen\/wp-content\/uploads\/Puycelsi.jpg?resize=400%2C571&amp;ssl=1 400w\" sizes=\"auto, (max-width: 425px) 100vw, 425px\" \/>La programmation est r\u00e9alis\u00e9e autour de la voix et privil\u00e9gie la musique savante occidentale du Nouveau Monde. Elle valorise les talents d\u2019ici et d\u2019ailleurs. R\u00e9solument tourn\u00e9e vers une animation du territoire, elle am\u00e8nera les festivaliers \u00e0 se produire dans plusieurs communes du Pays Vignoble et Bastides\u00a0: Puycelsi, Gaillac, Lisle sur Tarn et Tecou.<\/p>\n<p>Au programme\u00a0du Festival de Puycelsi 2017\u00a0:<\/p>\n<ul>\n<li><strong>Jeudi 20 juillet 2017<\/strong> 20h30, Eglise Notre Dame de La Jonqui\u00e8re \u00e0 <strong>Lisle sur Tarn\u00a0<\/strong>:<br \/>\nR\u00e9cital orgue et chant. Martin L. Carl et les solistes lyriques du Festival 2017<\/li>\n<li><strong>Vendredi 21 juillet 2017<\/strong> 20h30, Eglise Saint Corneille \u00e0 <strong>Puycelsi<\/strong>:<br \/>\nMConsort. Musique sacr\u00e9e Am\u00e9ricaine.<\/li>\n<li><strong>Samedi 22 juillet 2017<\/strong> \u00a021h00, H\u00f4tel Fos de Laborde \u00e0 <strong>Gaillac<\/strong>\u00a0:<br \/>\nR\u00e9cital lyrique. M\u00e9lodies Am\u00e9ricaines par les solistes du Festival 2017<\/li>\n<li><strong>Mardi 25 juillet 2017<\/strong> 20h30, Eglise Saint Andr\u00e9 \u00e0 <strong>T\u00e9cou<\/strong><\/li>\n<li><strong>Mercredi 26 juillet 2017<\/strong> 20h30, Eglise Saint Corneille \u00e0 <strong>Puycelsi<\/strong><br \/>\nConcert de l&rsquo;Orchestre du Festival<br \/>\nMarie-\u00c8ve Gouin, soprano<br \/>\nVincent Pagliarin, violon<br \/>\nOrchestre \u00e0 cordes du Festival Puycelsi 2017 sous la direction d&rsquo;Olivier Kaspar<br \/>\nIgnacio Cervantes (1847 \u2014 1905) | Danzas Cubanas |<br \/>\nOrchestre \u00e0 cordes (arrangement, Olivier Kaspar)<br \/>\nHeitor Villa-Lobos (1887 \u2014 1959) | Bachianas Brasileiras n\u00b01 &amp; n\u00b05 |<br \/>\nSoprano solo, orchestre \u00e0 cordes<br \/>\nAstor Piazzola (1921 \u2014 1992) | Las cuatro estaciones porte\u00f1as<br \/>\n(les quatre saisons de Buenos Aires)<\/li>\n<li><strong>Jeudi 27 juillet 2017<\/strong> 20h30, Eglise St. Pierre <strong>Gaillac<\/strong>\u00a0: Concert de Gala<\/li>\n<li><strong>Vendredi 28 juillet 2017<\/strong> 20h30, Eglise St. Corneille <strong>Puycelsi<\/strong>\u00a0: Concert final<br \/>\nSolistes, Ch\u0153ur et Orchestre du Festival 2017 sous la direction d&rsquo;Olivier Kaspar<br \/>\nSamuel Barber (1910-1981) | Adagio | Orchestre \u00e0 cordes<br \/>\nEdward Alexander MacDowell (1860-1908) | Barcarole op.44 |<br \/>\nCh\u0153ur, Orchestre \u00e0 cordes, piano (arrangement, Olivier Kaspar)<br \/>\nWilliam Wallace Gilchrist (1846-1916) | Ponder My Words |<br \/>\nMezzo solo, Ch\u0153ur, Orchestre \u00e0 cordes<br \/>\nGeorge Whitefield Chadwick (1854-1931) | Fulcite floribus (extrait de Phoenix Expirans) |<br \/>\nSoprano solo, Ch\u0153ur, Orchestre \u00e0 cordes, piano<br \/>\nMorten Lauridsen (1943 \u2014 ) | Sure on this shining night |<br \/>\nCh\u0153ur, piano<br \/>\nKen Shakin (1959-) | I cry (cr\u00e9ation) |<br \/>\nMezzo solo, Ch\u0153ur, fl\u00fbte azt\u00e8que, Orchestre \u00e0 cordes, piano<br \/>\nGeorge Elbridge Whiting (1840-1923) | Dream pictures op.19 |<br \/>\nSolistes, Ch\u0153ur, Orchestre \u00e0 cordes, piano (arrangement, Olivier Kaspar)<\/li>\n<\/ul>\n<p><strong>R\u00e9servations et renseignements\u00a0:<\/strong><br \/>\n06.41.80.24.90 \/ 05.63.33.15.84<br \/>\nCourriel\u00a0: <a href=\"mailto:contact@festivalpuycelsi.com\">contact@festivalpuycelsi.com<\/a><br \/>\nSite\u00a0: <a href=\"http:\/\/www.festivalpuycelsi.com\" target=\"_blank\" rel=\"noopener noreferrer\">www.festivalpuycelsi.com<\/a><\/p>\n<p><em>Communiqu\u00e9 par Yves RAYMOND<\/em><\/p>\n<p><a href=\"https:\/\/www.o-p-i.fr\/parlonsen\/agenda\/\"><strong>Retrouvez tous les \u00e9v\u00e9nements dans l&rsquo;agenda !<\/strong><\/a><\/p>\n","protected":false},"excerpt":{"rendered":"<div class=\"mh-excerpt\">L\u2019association HARP de Puycelsi pr\u00e9sente la 11\u00e8me \u00e9dition du festival Tarnais d\u00e9di\u00e9 \u00e0 l\u2019art vocal \u00a0du 18 au 28 juillet 2017.<\/div>\n","protected":false},"author":4,"featured_media":0,"comment_status":"open","ping_status":"open","sticky":false,"template":"","format":"standard","meta":{"om_disable_all_campaigns":false,"advanced_seo_description":"","jetpack_seo_html_title":"","jetpack_seo_noindex":false,"_jetpack_memberships_contains_paid_content":false,"footnotes":"","_links_to":"","_links_to_target":""},"categories":[42,1,7,54,2626],"tags":[77,215,478,677,877,1020],"class_list":{"0":"post-32730","1":"post","2":"type-post","3":"status-publish","4":"format-standard","6":"category-a-cote-de-chez-nous","7":"category-culture","8":"category-numero-de-journal","9":"category-loisirs","10":"category-n-135-juin-2017","11":"tag-lisle-sur-tarn","12":"tag-gaillac","13":"tag-puycelsi","14":"tag-festival","15":"tag-tecou","16":"tag-harp81"},"jetpack_featured_media_url":"","views":{"total":0,"cached_at":"","cached_date":1738518999},"jetpack_likes_enabled":true,"jetpack_sharing_enabled":true,"jetpack_shortlink":"https:\/\/wp.me\/pg7Wxj-8vU","jetpack-related-posts":[],"_links":{"self":[{"href":"https:\/\/www.o-p-i.fr\/parlonsen\/wp-json\/wp\/v2\/posts\/32730","targetHints":{"allow":["GET"]}}],"collection":[{"href":"https:\/\/www.o-p-i.fr\/parlonsen\/wp-json\/wp\/v2\/posts"}],"about":[{"href":"https:\/\/www.o-p-i.fr\/parlonsen\/wp-json\/wp\/v2\/types\/post"}],"author":[{"embeddable":true,"href":"https:\/\/www.o-p-i.fr\/parlonsen\/wp-json\/wp\/v2\/users\/4"}],"replies":[{"embeddable":true,"href":"https:\/\/www.o-p-i.fr\/parlonsen\/wp-json\/wp\/v2\/comments?post=32730"}],"version-history":[{"count":0,"href":"https:\/\/www.o-p-i.fr\/parlonsen\/wp-json\/wp\/v2\/posts\/32730\/revisions"}],"wp:attachment":[{"href":"https:\/\/www.o-p-i.fr\/parlonsen\/wp-json\/wp\/v2\/media?parent=32730"}],"wp:term":[{"taxonomy":"category","embeddable":true,"href":"https:\/\/www.o-p-i.fr\/parlonsen\/wp-json\/wp\/v2\/categories?post=32730"},{"taxonomy":"post_tag","embeddable":true,"href":"https:\/\/www.o-p-i.fr\/parlonsen\/wp-json\/wp\/v2\/tags?post=32730"}],"curies":[{"name":"wp","href":"https:\/\/api.w.org\/{rel}","templated":true}]}}