{"id":32777,"date":"2017-06-19T11:46:50","date_gmt":"2017-06-19T10:46:50","guid":{"rendered":"\/parlonsen\/?p=32777"},"modified":"2017-06-19T12:19:02","modified_gmt":"2017-06-19T11:19:02","slug":"fete-locale-a-puygaillard-de-quercy-82","status":"publish","type":"post","link":"https:\/\/www.o-p-i.fr\/parlonsen\/localisation\/au-pays-des-tescous\/puygaillard-de-quercy\/fete-locale-a-puygaillard-de-quercy-82\/","title":{"rendered":"F\u00eate locale&#8230; \u00e0 Puygaillard de Quercy (82)"},"content":{"rendered":"<p>Le<strong> samedi 8 juillet 2017<\/strong> sur la place devant l&rsquo;\u00e9glise et la mairie.<!--more-->Le comit\u00e9 vous invite \u00e0 venir faire la f\u00eate !<\/p>\n<h4>Programme :<\/h4>\n<ul>\n<li>Accueil \u00e0 partir de 18h30<br \/>\nAp\u00e9ritif<br \/>\nP\u00e2t\u00e9 de campagne<br \/>\nCivet de porc, pommes persill\u00e9es<br \/>\nDessert<br \/>\nCaf\u00e9<br \/>\nPrix du repas : 15\u20ac\/adulte et 9\u20ac\/enfant.<br \/>\nPlaces limit\u00e9es : renseignements et r\u00e9servations : comite.puygaillard@gmail.com<\/li>\n<li>A partir de 21h30<br \/>\nBal gratuit avec l&rsquo;orchestre DOMINGO<\/li>\n<li>A 22h30<br \/>\nFeu d&rsquo;artifice par \u00ab Au c\u0153ur des \u00e9toiles \u00bb et \u00ab \u00e9toiles82.fr \u00bb<\/li>\n<\/ul>\n<p>Buvette sur place<\/p>\n<p><img data-recalc-dims=\"1\" loading=\"lazy\" decoding=\"async\" class=\"aligncenter wp-image-32779 size-full\" src=\"https:\/\/i0.wp.com\/www.o-p-i.fr\/parlonsen\/wp-content\/uploads\/artifice.jpg?resize=567%2C237&#038;ssl=1\" alt=\"\" width=\"567\" height=\"237\" srcset=\"https:\/\/i0.wp.com\/www.o-p-i.fr\/parlonsen\/wp-content\/uploads\/artifice.jpg?w=567&amp;ssl=1 567w, https:\/\/i0.wp.com\/www.o-p-i.fr\/parlonsen\/wp-content\/uploads\/artifice.jpg?resize=300%2C125&amp;ssl=1 300w, https:\/\/i0.wp.com\/www.o-p-i.fr\/parlonsen\/wp-content\/uploads\/artifice.jpg?resize=150%2C63&amp;ssl=1 150w, https:\/\/i0.wp.com\/www.o-p-i.fr\/parlonsen\/wp-content\/uploads\/artifice.jpg?resize=400%2C167&amp;ssl=1 400w\" sizes=\"auto, (max-width: 567px) 100vw, 567px\" \/><\/p>\n<p>Communiqu\u00e9 par Luc MORGAN<\/p>\n<p><a href=\"https:\/\/www.o-p-i.fr\/parlonsen\/agenda\/\"><strong>Retrouvez tous les \u00e9v\u00e9nements dans l&rsquo;agenda !<\/strong><\/a><\/p>\n","protected":false},"excerpt":{"rendered":"<div class=\"mh-excerpt\">Le samedi 8 juillet 2017 sur la place devant l&rsquo;\u00e9glise et la mairie.<\/div>\n","protected":false},"author":4,"featured_media":0,"comment_status":"open","ping_status":"open","sticky":false,"template":"","format":"standard","meta":{"om_disable_all_campaigns":false,"advanced_seo_description":"","jetpack_seo_html_title":"","jetpack_seo_noindex":false,"_jetpack_memberships_contains_paid_content":false,"footnotes":"","_links_to":"","_links_to_target":""},"categories":[52,54,33,2840],"tags":[156,617,2556,2597,2841],"class_list":{"0":"post-32777","1":"post","2":"type-post","3":"status-publish","4":"format-standard","6":"category-parlons-en","7":"category-loisirs","8":"category-puygaillard-de-quercy","9":"category-n-137-juillet-2017","10":"tag-bal","11":"tag-feu-dartifice","12":"tag-puygaillard-de-quercy","13":"tag-repas-de-village","14":"tag-fete-locale"},"jetpack_featured_media_url":"","views":{"total":0,"cached_at":"","cached_date":1738523584},"jetpack_likes_enabled":true,"jetpack_sharing_enabled":true,"jetpack_shortlink":"https:\/\/wp.me\/pg7Wxj-8wF","jetpack-related-posts":[],"_links":{"self":[{"href":"https:\/\/www.o-p-i.fr\/parlonsen\/wp-json\/wp\/v2\/posts\/32777","targetHints":{"allow":["GET"]}}],"collection":[{"href":"https:\/\/www.o-p-i.fr\/parlonsen\/wp-json\/wp\/v2\/posts"}],"about":[{"href":"https:\/\/www.o-p-i.fr\/parlonsen\/wp-json\/wp\/v2\/types\/post"}],"author":[{"embeddable":true,"href":"https:\/\/www.o-p-i.fr\/parlonsen\/wp-json\/wp\/v2\/users\/4"}],"replies":[{"embeddable":true,"href":"https:\/\/www.o-p-i.fr\/parlonsen\/wp-json\/wp\/v2\/comments?post=32777"}],"version-history":[{"count":0,"href":"https:\/\/www.o-p-i.fr\/parlonsen\/wp-json\/wp\/v2\/posts\/32777\/revisions"}],"wp:attachment":[{"href":"https:\/\/www.o-p-i.fr\/parlonsen\/wp-json\/wp\/v2\/media?parent=32777"}],"wp:term":[{"taxonomy":"category","embeddable":true,"href":"https:\/\/www.o-p-i.fr\/parlonsen\/wp-json\/wp\/v2\/categories?post=32777"},{"taxonomy":"post_tag","embeddable":true,"href":"https:\/\/www.o-p-i.fr\/parlonsen\/wp-json\/wp\/v2\/tags?post=32777"}],"curies":[{"name":"wp","href":"https:\/\/api.w.org\/{rel}","templated":true}]}}