{"id":32806,"date":"2017-06-22T18:59:30","date_gmt":"2017-06-22T17:59:30","guid":{"rendered":"\/parlonsen\/?p=32806"},"modified":"2017-06-22T19:01:02","modified_gmt":"2017-06-22T18:01:02","slug":"expo-la-croisee-des-gestes-a-septfonds","status":"publish","type":"post","link":"https:\/\/www.o-p-i.fr\/parlonsen\/numero-de-journal\/n-135-juin-2017\/expo-la-croisee-des-gestes-a-septfonds\/","title":{"rendered":"Expo \u00ab\u00a0La Crois\u00e9e des Gestes\u00a0\u00bb&#8230; \u00e0 Septfonds"},"content":{"rendered":"<p>Le<strong> samedi 24 juin 2017<\/strong> \u00e0 La Chemin\u00e9e \u00e0 partir de 17h00.<!--more--><\/p>\n<p><img data-recalc-dims=\"1\" loading=\"lazy\" decoding=\"async\" class=\"alignright size-medium wp-image-32807\" src=\"https:\/\/i0.wp.com\/www.o-p-i.fr\/parlonsen\/wp-content\/uploads\/gESTES.jpg?resize=300%2C298&#038;ssl=1\" alt=\"\" width=\"300\" height=\"298\" srcset=\"https:\/\/i0.wp.com\/www.o-p-i.fr\/parlonsen\/wp-content\/uploads\/gESTES.jpg?resize=300%2C298&amp;ssl=1 300w, https:\/\/i0.wp.com\/www.o-p-i.fr\/parlonsen\/wp-content\/uploads\/gESTES.jpg?resize=150%2C150&amp;ssl=1 150w, https:\/\/i0.wp.com\/www.o-p-i.fr\/parlonsen\/wp-content\/uploads\/gESTES.jpg?w=377&amp;ssl=1 377w\" sizes=\"auto, (max-width: 300px) 100vw, 300px\" \/>La Chambre de M\u00e9tiers et de l&rsquo;Artisanat de Tarn-et-Garonne organise en collaboration avec l&rsquo;association JADES, la coop\u00e9rative d&rsquo;activit\u00e9s OZON et la mairie de Septfonds, l\u2019exposition <strong>\u00ab La Crois\u00e9e des Gestes \u00bb<\/strong> qui se tiendra samedi 24 juin 2017 \u00e0 La Chemin\u00e9e \u00e0 partir de 17h00 (1, Boulevard des Mourgues 82240 Septfonds).<\/p>\n<p>Cet \u00e9v\u00e9nement vous permettra de d\u00e9couvrir les installations num\u00e9riques (vid\u00e9omapping, leap motion, vid\u00e9o 360\u00b0\u0085) d\u00e9velopp\u00e9es par la Chambre des M\u00e9tiers et de l&rsquo;Artisanat du Tarn et Garonne\u00a0en vue de valoriser les gestes et les savoir-faire des Artisans de Midi-Quercy.<\/p>\n<p><em>Information communiqu\u00e9e par Mouna DAHMANE<\/em><\/p>\n<p><a href=\"https:\/\/www.o-p-i.fr\/parlonsen\/agenda\/\"><strong>Retrouvez tous les \u00e9v\u00e9nements dans l&rsquo;agenda !<\/strong><\/a><\/p>\n","protected":false},"excerpt":{"rendered":"<div class=\"mh-excerpt\">Le samedi 24 juin 2017 \u00e0 La Chemin\u00e9e \u00e0 partir de 17h00.<\/div>\n","protected":false},"author":4,"featured_media":0,"comment_status":"open","ping_status":"open","sticky":false,"template":"","format":"standard","meta":{"om_disable_all_campaigns":false,"advanced_seo_description":"","jetpack_seo_html_title":"","jetpack_seo_noindex":false,"_jetpack_memberships_contains_paid_content":false,"footnotes":"","_links_to":"","_links_to_target":""},"categories":[2626],"tags":[2559,1393,2842],"class_list":{"0":"post-32806","1":"post","2":"type-post","3":"status-publish","4":"format-standard","6":"category-n-135-juin-2017","7":"tag-artisanat","8":"tag-septfonds","9":"tag-chambre-des-metiers"},"jetpack_featured_media_url":"","views":{"total":0,"cached_at":"","cached_date":1738508781},"jetpack_likes_enabled":true,"jetpack_sharing_enabled":true,"jetpack_shortlink":"https:\/\/wp.me\/pg7Wxj-8x8","jetpack-related-posts":[],"_links":{"self":[{"href":"https:\/\/www.o-p-i.fr\/parlonsen\/wp-json\/wp\/v2\/posts\/32806","targetHints":{"allow":["GET"]}}],"collection":[{"href":"https:\/\/www.o-p-i.fr\/parlonsen\/wp-json\/wp\/v2\/posts"}],"about":[{"href":"https:\/\/www.o-p-i.fr\/parlonsen\/wp-json\/wp\/v2\/types\/post"}],"author":[{"embeddable":true,"href":"https:\/\/www.o-p-i.fr\/parlonsen\/wp-json\/wp\/v2\/users\/4"}],"replies":[{"embeddable":true,"href":"https:\/\/www.o-p-i.fr\/parlonsen\/wp-json\/wp\/v2\/comments?post=32806"}],"version-history":[{"count":0,"href":"https:\/\/www.o-p-i.fr\/parlonsen\/wp-json\/wp\/v2\/posts\/32806\/revisions"}],"wp:attachment":[{"href":"https:\/\/www.o-p-i.fr\/parlonsen\/wp-json\/wp\/v2\/media?parent=32806"}],"wp:term":[{"taxonomy":"category","embeddable":true,"href":"https:\/\/www.o-p-i.fr\/parlonsen\/wp-json\/wp\/v2\/categories?post=32806"},{"taxonomy":"post_tag","embeddable":true,"href":"https:\/\/www.o-p-i.fr\/parlonsen\/wp-json\/wp\/v2\/tags?post=32806"}],"curies":[{"name":"wp","href":"https:\/\/api.w.org\/{rel}","templated":true}]}}