{"id":32919,"date":"2017-07-06T16:08:54","date_gmt":"2017-07-06T15:08:54","guid":{"rendered":"\/parlonsen\/?p=32919"},"modified":"2017-07-08T11:55:31","modified_gmt":"2017-07-08T10:55:31","slug":"reunion-de-guidons-a-la-salvetat-belmontet-82","status":"publish","type":"post","link":"https:\/\/www.o-p-i.fr\/parlonsen\/localisation\/au-pays-des-tescous\/salvetat\/reunion-de-guidons-a-la-salvetat-belmontet-82\/","title":{"rendered":"R\u00e9union de \u00ab\u00a0Guidons\u00a0\u00bb&#8230; \u00e0 La Salvetat Belmontet (82)"},"content":{"rendered":"<p><strong>Le samedi 22 juillet 2017<\/strong>, le Guidon Vagabond vous attend \u00e0 Saint Caprais.<!--more--><\/p>\n<p><img data-recalc-dims=\"1\" loading=\"lazy\" decoding=\"async\" class=\"alignright size-medium wp-image-32958\" src=\"https:\/\/i0.wp.com\/www.o-p-i.fr\/parlonsen\/wp-content\/uploads\/guidon.jpg?resize=212%2C300&#038;ssl=1\" alt=\"\" width=\"212\" height=\"300\" srcset=\"https:\/\/i0.wp.com\/www.o-p-i.fr\/parlonsen\/wp-content\/uploads\/guidon.jpg?resize=212%2C300&amp;ssl=1 212w, https:\/\/i0.wp.com\/www.o-p-i.fr\/parlonsen\/wp-content\/uploads\/guidon.jpg?resize=106%2C150&amp;ssl=1 106w, https:\/\/i0.wp.com\/www.o-p-i.fr\/parlonsen\/wp-content\/uploads\/guidon.jpg?resize=400%2C567&amp;ssl=1 400w, https:\/\/i0.wp.com\/www.o-p-i.fr\/parlonsen\/wp-content\/uploads\/guidon.jpg?w=446&amp;ssl=1 446w\" sizes=\"auto, (max-width: 212px) 100vw, 212px\" \/>\u00ab\u00a0Les Quercyclos\u00a0\u00bb, un collectif d&rsquo;ami-e-s du v\u00e9lo, qui utilisent le biclou pour des voyages plus ou moins longs, plus ou moins locaux, plus ou moins rapides, plus ou moins sportifs&#8230; !<br \/>\nNous avons envie de promouvoir le v\u00e9lo, notamment pour se balader, faire du tourisme, d\u00e9couvrir sa r\u00e9gion ou partir \u00e0 l&rsquo;aventure de par le vaste monde !<br \/>\nD\u00e8s cette ann\u00e9e, nous organisons une journ\u00e9e de rencontres pour r\u00e9unir des ami-e-s, des amoureux-ses ou simplement curieux-ses du voyage \u00e0 v\u00e9lo, autour de pr\u00e9sentations de voyages, d&rsquo;ateliers participatifs, de \u00ab\u00a0biblioth\u00e8ques\u00a0\u00bb du voyage, etc.<\/p>\n<p>Le Guidon Vagabond aura lieu le samedi 22 juillet, dans le Tarn-et-Garonne, \u00e0 Saint-Caprais sur la commune de la Salvetat-Belmontet, \u00e0 1h de v\u00e9lo de Montauban.<\/p>\n<p>Pour participer, t\u00e9l\u00e9charger l&rsquo;appel de <a href=\"https:\/\/www.o-p-i.fr\/parlonsen\/wp-content\/uploads\/Quercyclos.pdf\">Quercyclos<\/a><\/p>\n<p><strong>Pour y aller ?<\/strong><\/p>\n<p>Salle des f\u00eates de St-Caprais<br \/>\n82230-La Salvetat-Belmontet<\/p>\n<p>Tarifs : GRATUIT- participation libre bienvenue<\/p>\n<p><strong> Organisateur : <\/strong>Le collectif \u00ab\u00a0Les Quercyclos\u00a0\u00bb<br \/>\nCourriel :<a href=\"mailto:lesquercyclos@ntymail.com\">lesquercyclos@ntymail.com<\/a><\/p>\n<p><em>Information communiqu\u00e9e par : Claire MANSAUD<\/em><\/p>\n<p><a href=\"https:\/\/www.o-p-i.fr\/parlonsen\/agenda\/\"><strong>Retrouvez tous les \u00e9v\u00e9nements dans l&rsquo;agenda !<\/strong><\/a><\/p>\n","protected":false},"excerpt":{"rendered":"<div class=\"mh-excerpt\">Le samedi 22 juillet 2017, le Guidon Vagabond vous attend \u00e0 Saint Caprais.<\/div>\n","protected":false},"author":4,"featured_media":0,"comment_status":"open","ping_status":"open","sticky":false,"template":"","format":"standard","meta":{"om_disable_all_campaigns":false,"advanced_seo_description":"","jetpack_seo_html_title":"","jetpack_seo_noindex":false,"_jetpack_memberships_contains_paid_content":false,"footnotes":"","_links_to":"","_links_to_target":""},"categories":[52,34,54,53,2833],"tags":[181,192,330,596],"class_list":{"0":"post-32919","1":"post","2":"type-post","3":"status-publish","4":"format-standard","6":"category-parlons-en","7":"category-salvetat","8":"category-loisirs","9":"category-sports","10":"category-n-136-juillet-2017","11":"tag-la-salvetat-belmontet","12":"tag-velo","13":"tag-rencontre","14":"tag-saint-caprais"},"jetpack_featured_media_url":"","views":{"total":0,"cached_at":"","cached_date":1738511661},"jetpack_likes_enabled":true,"jetpack_sharing_enabled":true,"jetpack_shortlink":"https:\/\/wp.me\/pg7Wxj-8yX","jetpack-related-posts":[],"_links":{"self":[{"href":"https:\/\/www.o-p-i.fr\/parlonsen\/wp-json\/wp\/v2\/posts\/32919","targetHints":{"allow":["GET"]}}],"collection":[{"href":"https:\/\/www.o-p-i.fr\/parlonsen\/wp-json\/wp\/v2\/posts"}],"about":[{"href":"https:\/\/www.o-p-i.fr\/parlonsen\/wp-json\/wp\/v2\/types\/post"}],"author":[{"embeddable":true,"href":"https:\/\/www.o-p-i.fr\/parlonsen\/wp-json\/wp\/v2\/users\/4"}],"replies":[{"embeddable":true,"href":"https:\/\/www.o-p-i.fr\/parlonsen\/wp-json\/wp\/v2\/comments?post=32919"}],"version-history":[{"count":0,"href":"https:\/\/www.o-p-i.fr\/parlonsen\/wp-json\/wp\/v2\/posts\/32919\/revisions"}],"wp:attachment":[{"href":"https:\/\/www.o-p-i.fr\/parlonsen\/wp-json\/wp\/v2\/media?parent=32919"}],"wp:term":[{"taxonomy":"category","embeddable":true,"href":"https:\/\/www.o-p-i.fr\/parlonsen\/wp-json\/wp\/v2\/categories?post=32919"},{"taxonomy":"post_tag","embeddable":true,"href":"https:\/\/www.o-p-i.fr\/parlonsen\/wp-json\/wp\/v2\/tags?post=32919"}],"curies":[{"name":"wp","href":"https:\/\/api.w.org\/{rel}","templated":true}]}}