{"id":32925,"date":"2017-07-06T16:37:24","date_gmt":"2017-07-06T15:37:24","guid":{"rendered":"\/parlonsen\/?p=32925"},"modified":"2017-07-06T16:40:11","modified_gmt":"2017-07-06T15:40:11","slug":"juillet-2017-a-cartes-sur-table-a-gaillac-81","status":"publish","type":"post","link":"https:\/\/www.o-p-i.fr\/parlonsen\/parlons-en\/culture\/juillet-2017-a-cartes-sur-table-a-gaillac-81\/","title":{"rendered":"Juillet 2017 \u00e0 \u00ab\u00a0Cartes sur Table\u00a0\u00bb&#8230;\u00e0 Gaillac (81)"},"content":{"rendered":"<p>Le\u00a0Bar culturel &amp; coop\u00e9ratif \u00a0\u00ab\u00a0Cartes sur Table\u00a0\u00bb vous propose en <strong>juillet 2017<\/strong><!--more--><\/p>\n<ul>\n<li><strong>Tous les Vendredis 12h &#8211; 13h<\/strong><br \/>\nD\u00e9jeuner gourmand de Camille !\u00a0R\u00e9servation conseill\u00e9e au 05 67 67 25 87<br \/>\nAttention pas de service le 14\/07 1 heure pour venir d\u00e9guster un plat de saison v\u00e9g\u00e9 ou carn\u00e9, simple et go\u00fbteux, pr\u00e9par\u00e9 avec amour, essentiellement avec des produits frais, locaux et bio ! Le tout \u00e0 prix tout doux : Plat 9\u20ac, Dessert 2,50\u20ac,Formule Plat + Dessert + caf\u00e9 12\u20ac<\/li>\n<li><strong>Samedi 1 Juillet<\/strong><\/li>\n<\/ul>\n<p><strong>de 19h \u00e0 21h<\/strong> : D\u00eener local de Camille ! \u200b<br \/>\nV\u00e9g\u00e9es ou carn\u00e9es, sal\u00e9es ou sucr\u00e9es.<br \/>\nUne cuisine sans chichi et go\u00fbteuse, pr\u00e9par\u00e9e avec amour, essentiellement avec des produits frais, de saison, locaux et bio !<br \/>\nAssiette compos\u00e9e 10\u20ac \/ Tapas \u00e0 l&rsquo;unit\u00e9 3,50\u20ac \/ Dessert 2,50\u20ac<br \/>\n<strong>\u00e0 21 h<\/strong> : Concert des Roms Arrang\u00e9s Entr\u00e9e 5\u20ac Un voyage musical traditionnel et festif avec le c\u00e9l\u00e8bre duo acrobatique des Roms des Foins (accord\u00e9on et percussions).<br \/>\nParfait pour danser entre petits et grands ! \u200b<br \/>\nLes Roms Arrang\u00e9s Le bar est OUVERT !! Les Roms Arrang\u00e9s vous proposent un ap\u00e9ro musical venu des quatre coins du globe, un cocktail explosif de chants et de danses. Ils vous feront go\u00fbter \u00e0 toutes leurs sp\u00e9cialit\u00e9s, des plus l\u00e9g\u00e8res aux plus \u00e9pic\u00e9es. Des musiques aux saveurs de Tsuica des Balkans, de Raqqia du Moyen Orient, d&rsquo;Ifri d&rsquo;Alg\u00e9rie, de bi\u00e8re au miel d&rsquo;Ethiopie, de cacha\u00e7a Br\u00e9silienne, de Rhum de la R\u00e9union, de Colombie ou des Cara\u00efbes ; sans oublier le bon petit vin rouge bien de chez nous.<br \/>\nUn appel \u00e0 la danse et au partage, un concert \u00e0 d\u00e9guster, \u00e0 consommer sans aucune mod\u00e9ration ! Tourn\u00e9e g\u00e9n\u00e9rale !!!<\/p>\n<ul>\n<li><strong>Dimanche 2 Juillet \u00e0 17 h<\/strong><\/li>\n<\/ul>\n<p>Concert du Ch\u0153ur Ecco, sous la direction de Cathy Tardieu<br \/>\nEntr\u00e9e \u00e0 prix libre &amp; responsable<br \/>\n\u00ab\u00a0Aux couleurs du Monde\u00a0\u00bb polyphonies sacr\u00e9es et profanes d&rsquo;Afrique, d&rsquo;Am\u00e9rique, d&rsquo;Asie, d&rsquo;Europe.<\/p>\n<ul>\n<li><strong>Mardi 4 Juillet de 19h \u00e0 21h.<\/strong><\/li>\n<\/ul>\n<p>Caf\u00e9 Citoyen anim\u00e9 par l&rsquo;Arcadie d&rsquo;Albi .<br \/>\nEntr\u00e9e libre et gratuite.<\/p>\n<ul>\n<li><strong>Mercredi 5 Juillet de 20h \u00e0 21h30<\/strong><\/li>\n<\/ul>\n<p>Atelier de Sound Painting (peindre avec le son) anim\u00e9 par Kat Pratt !<br \/>\nDe 16 \u00e0 173 ans !<br \/>\nParticipation Libre &amp; Responsable<\/p>\n<p>2 mercredis par mois. Un atelier \u00e0 la cr\u00e9ativit\u00e9 d\u00e9bordante et qui fais un bien fou !<br \/>\n\u00ab\u00a0Se retrouver pour chanter, respirer, s\u2019\u00e9chauffer, se d\u00e9tendre et bouger dans l\u2019espace. Faire vibrer et d\u00e9velopper sa voix. D\u00e9couvrir l\u2019improvisation.<br \/>\nNous apprenons des gestes, un langage commun puis chacun \u00e0 son tour est \u00ab chef d\u2019orchestre \u00bb ! Nous passons d\u2019une voix chant\u00e9e au parl\u00e9, aux rires, cris, sifflements, percussions corporelles et bien d\u2019autres choses, en fonction de l&rsquo;impulsion de celui ou de celle qui dirige. Il peut y avoir dissonance m\u00eame cacophonie mais aussi harmonie et \u00e9coute&#8230;\u00a0\u00bb \u00e0 exp\u00e9rimenter et \u00e0 vivre !<br \/>\nInscription souhait\u00e9e \u00e0 contact@cartes-sur-table.org .<\/p>\n<ul>\n<li><strong>Jeudi 6 Juillet de 19h30 \u00e0 21h30<\/strong><\/li>\n<\/ul>\n<p>Atelier d\u2019\u00c9criture o\u00f9 on s&rsquo;\u00e9clate et on se poile de 14 \u00e0 99 ans,<br \/>\nanim\u00e9 par H\u00e9l\u00e8ne Duffau<br \/>\nParticipation Libre &amp; Responsable<br \/>\n\u200b<br \/>\nParticipant-es<br \/>\nL\u2019atelier \u00ab \u00e9criture guid\u00e9e \u00bb est ouvert \u00e0 celles et ceux qui souhaitent :<br \/>\n&gt; jouer avec leur imaginaire, cr\u00e9er, s\u2019amuser ;<br \/>\n&gt; acqu\u00e9rir des outils et de la m\u00e9thode pour \u00e9crire en autonomie ;<br \/>\n&gt; se remettre en piste vers leur cr\u00e9ativit\u00e9 ;<br \/>\n&gt; se d\u00e9faire de l\u2019utilisation professionnelle souvent restrictive du langage\u2026<br \/>\nD\u00e9roulement<br \/>\nLes participant-es \u00e9crivent individuellement \u00e0 partir d\u2019une proposition commune ; un temps est donn\u00e9 pour produire un texte de premier jet inspir\u00e9 par la contrainte d\u2019\u00e9criture.<br \/>\nAu fil de cet atelier, les propositions se succ\u00e8dent et ne sont pas n\u00e9cessairement li\u00e9es. Elles peuvent \u00eatre sobres, parfois d\u00e9cal\u00e9es, cr\u00e9\u00e9es \u00e0 partir de phrases mais aussi de photos, de pi\u00e8ces musicales, d\u2019objets\u2026<br \/>\nOn peut \u00e9crire \u00e0 partir de tout, on peut aussi \u00e9crire sur tout.<\/p>\n<ul>\n<li><strong>Samedi 8 Juillet de 14h \u00e0 16h<\/strong><\/li>\n<\/ul>\n<p>\u00ab\u00a0Partage &amp; papotage\u00a0\u00bb au bar ! Entr\u00e9e Libre &amp; Gratuite<br \/>\n2h pour apprendre, se rencontrer, s&rsquo;amuser&#8230; C&rsquo;est gratuit et c&rsquo;est chaque 2\u00e8me samedi du mois !<br \/>\nQue vous soyez jeune ou moins jeune, homme ou femme, peut importe, venez nous rejoindre pour un moment d&rsquo;\u00e9change cr\u00e9atif et de convivialit\u00e9 ! Apportez vos ouvrages, vos techniques, vos projets, vos id\u00e9es ou venez les mains vides et la t\u00eate libre \u2026<br \/>\nExemples : couture, tricot, broderie, bijoux et plus en fonction de vos envies, seule limite votre imagination&#8230;<\/p>\n<ul>\n<li><strong>Samedi 8 Juillet<\/strong><\/li>\n<\/ul>\n<p>ATTENTION changement de lieu : Rdv au Parc Pichery devant la Mjc (10 Avenue Aspirant Buffet) !<br \/>\nSur place de 17h \u00e0 02h : Buvette et concert + Petite restauration de 19h \u00e0 21h !<br \/>\n\u00e0 21h : Concert avec Amnezzic<\/p>\n<p>La fusion, l\u2019invitation au voyage.<br \/>\nUn univers bariol\u00e9 de Jazz, de groove, de world music, de Funk, et de chansons.<br \/>\nL\u2019histoire se construit, histoire de notes, histoire de mots.<br \/>\nLes rythmes vous entra\u00eenent, les harmonies vous inspirent, la m\u00e9lodie vous appelle et le groove lui donne vie.<br \/>\nLaissez vous porter, oubliez tout et devn\u2019ez avec nous Amnezzic .<br \/>\n\u200bOlivier BAUDY : Batterie<br \/>\nChristian PERRY : Percussions, Chant<br \/>\nPatrick HANEQUAND : Basse<br \/>\nJean-Marie LEFEBVRE : Claviers<\/p>\n<ul>\n<li><strong>Jeudi 13 Juillet<\/strong><\/li>\n<\/ul>\n<p>ATTENTION changement de lieu : Rdv au Parc Pichery devant la Mjc (10 Avenue Aspirant Buffet) !<br \/>\nSur place de 17h \u00e0 02h : Buvette et concert + Petite restauration de 19h \u00e0 21h !<\/p>\n<p>\u00e0 21h : Grand Bal Nomade, Festif &amp; Familial : \u00ab\u00a0Danser sur les fronti\u00e8res\u00a0\u00bb !<br \/>\nDidier Dulieux, Eric Boccalini et avec pour la 1\u00e8re fois Jean-Marc Serpin<br \/>\nEntr\u00e9e \u00e0 5\u20ac<\/p>\n<p>\u00ab Ces deux l\u00e0 se connaissent bien.<br \/>\nDepuis dix ans qu\u2019ils arpentent, en France ou \u00e0 l\u2019\u00e9tranger, les lieux d\u00e9di\u00e9s aux musiques festives, ils ont peu \u00e0 peu d\u00e9velopp\u00e9 leur bal nomade, \u00e0 la crois\u00e9e des musiques d\u2019ici ou d\u2019ailleurs.<br \/>\nBatterie et accord\u00e9on s\u2019inspirent ici des musiques traditionnelles pour mieux s\u2019en \u00e9chapper ; les compositions se succ\u00e8dent \u00e0 un rythme souvent effr\u00e9n\u00e9, on est happ\u00e9 par la rythmique survolt\u00e9e d\u2019Eric Boccalini ou les m\u00e9lodies d\u2019un accord\u00e9on tout-terrain.<br \/>\nLe br\u00e9sil, la valse, la musique irlandaise, la bourr\u00e9e, les Balkans, le voyage s\u2019invite partout. Gaiet\u00e9 et fr\u00e9n\u00e9sie finissent par tout emmener sur leur passage. \u00bb<br \/>\nS&rsquo;inspirant de la tradition pour mieux s&rsquo;en \u00e9chapper, ce bal r\u00e9solument atypique est une v\u00e9ritable invitation \u00e0 la convivialit\u00e9 et \u00e0 l&rsquo;\u00e9clectisme.Pieds au plancher, c&rsquo;est bien autour de la danse ,que ce trio prend tout son sens.<\/p>\n<p>Didier Dulieux : accord\u00e9on<br \/>\nEric Boccalini : batterie<br \/>\nJean-Marc Serpin : contrebasse<\/p>\n<ul>\n<li><strong>Dimanche 16 Juillet \u00e0 17h<\/strong><\/li>\n<\/ul>\n<p>\u00ab\u00a0Attrape-mot si tu peux\u00a0\u00bb,<br \/>\nspectacle musical par la Compagnie Pic \u00e0 Son !<br \/>\n\u00e0 partir de 2-3 ans. Dur\u00e9e 35 min.<br \/>\nLe soir, les petits voleurs de mots se hissent sur les toits \u00e0 la recherche d&rsquo;un mot rigolo, d&rsquo;un son \u00e9pic\u00e9, d&rsquo;un rythme endiabl\u00e9. Ils m\u00e9langent le tout et le jette en l&rsquo;air. Et l\u00e0, le hasard tricote des chansons, tisse des berceuses, dessine des m\u00e9lodies, autant de recettes que de petits voleurs. La r\u00e9colte peut commencer \u2026<\/p>\n<p>Inspir\u00e9 de l&rsquo;album jeunesse \u00ab Le petit voleur de mots \u00bb de Nathalie Minne, le spectacle musical \u00ab Attrape-mot si tu peux \u00bb plonge les spectateurs dans une nuit de jeux et de d\u00e9couvertes sonores. Un univers qui servira \u00e0 construire un langage pour les petits voleurs de mots.<br \/>\nLes musiques originales, compos\u00e9es pour le spectacle, font appel au langage imaginaire, \u00e0 l&rsquo;aspect rythmique et au sens des mots. Riches et diversifi\u00e9es, les chansons permettront de d\u00e9couvrir de nombreux instruments classiques et traditionnels.<\/p>\n<ul>\n<li><strong>Mercredi 19 Juillet de 20h \u00e0 21h30<\/strong><\/li>\n<\/ul>\n<p>Atelier de Sound Painting (peindre avec le son) anim\u00e9 par Kat Pratt !<br \/>\nDe 16 \u00e0 173 ans !<br \/>\nEntr\u00e9e \u00e0 prix Libre &amp; Responsable.<\/p>\n<p>2 mercredis par mois. Un atelier \u00e0 la cr\u00e9ativit\u00e9 d\u00e9bordante et qui fais un bien fou !<br \/>\n\u00ab\u00a0Se retrouver pour chanter, respirer, s\u2019\u00e9chauffer, se d\u00e9tendre et bouger dans l\u2019espace. Faire vibrer et d\u00e9velopper sa voix. D\u00e9couvrir l\u2019improvisation.<br \/>\nNous apprenons des gestes, un langage commun puis chacun \u00e0 son tour est \u00ab chef d\u2019orchestre \u00bb ! Nous passons d\u2019une voix chant\u00e9e au parl\u00e9, aux rires, cris, sifflements, percussions corporelles et bien d\u2019autres choses, en fonction de l&rsquo;impulsion de celui ou de celle qui dirige. Il peut y avoir dissonance m\u00eame cacophonie mais aussi harmonie et \u00e9coute&#8230;\u00a0\u00bb \u00e0 exp\u00e9rimenter et \u00e0 vivre !<br \/>\nInscription souhait\u00e9e \u00e0 contact@cartes-sur-table.org .<\/p>\n<ul>\n<li><strong>Samedi 22 Juillet<\/strong><\/li>\n<\/ul>\n<p>ATTENTION changement de lieu : Rdv au Parc Pichery devant la Mjc (10 Avenue Aspirant Buffet) !<br \/>\nSur place de 17h \u00e0 02h : Buvette et concert + Petite restauration de 19h \u00e0 21h !<\/p>\n<p>\u00e0 21 h : Concert du Clan Tamong<br \/>\nLa musique traditionnelle Cor\u00e9enne n\u2019est pas tr\u00e8s populaire en dehors de ses fronti\u00e8res, sans doute du fait que sa structure et ses modes d\u2019expressions sont rest\u00e9s inchang\u00e9s.<br \/>\nMais les membres du Clan Tamong font le pari que, en l\u2019accompagnant de techniques, styles et sons actuels, ils arriveront \u00e0 faire partager sa profondeur aupr\u00e8s du public international.<br \/>\nIl ne s\u2019agit pas pour eux de maquiller leur musique traditionnelle, mais bien d\u2019accompagner d\u2019un nouveau souffle cette culture tr\u00e8s vivante.<\/p>\n<ul>\n<li><strong>Dimanche 23 Juillet<\/strong><\/li>\n<\/ul>\n<p>ATTENTION changement de lieu :<br \/>\nRdv au Parc Pichery devant la Mjc (10 Avenue Aspirant Buffet) ! \u200b<br \/>\nSur place de 13h \u00e0 00h : Buvette et concert + Petite restauration de 19h \u00e0 21h !<\/p>\n<p>de 13h \u00e0 00h :<br \/>\nCARTES SUR TABLE F\u00caTE SES 1 AN !<br \/>\nEntr\u00e9e \u00e0 prix libre et responsable<\/p>\n<p>de 13h \u00e0 19h :<br \/>\nJeux en Bois et jeux de soci\u00e9t\u00e9 pour petits &amp; grands, espace enfant avec jeux, jouets et livres.<br \/>\nProgrammation en cours&#8230;<\/p>\n<p>\u00e0 19h : Ap\u00e9ro-Concert de Tribal Veda ! Gros coup de c\u0153ur pour ce groupe !<br \/>\nMagn\u00e9tique et magique, Tribal Veda m\u00e9lange les rythmes et les \u00e9pices musicales plan\u00e9taires. Ici l&rsquo;orient et l&rsquo;occident, l&rsquo;ancien et le nouveau s&rsquo;unissent pour f\u00eater la beaut\u00e9 solaire de la vie. A la crois\u00e9e des mondes, l&rsquo;ambiance est \u00e9lectrique, on part pour un voyage color\u00e9, de la m\u00e9diterran\u00e9e vers les plaines du grand Est.<br \/>\nTribal Veda, c&rsquo;est une danse lancinante, la tribu d&rsquo;un monde qui s&rsquo;invente.<br \/>\nAu d\u00e9but de l&rsquo;ann\u00e9e 2013, le groupe est projet\u00e9 grand gagnant du concours de musique du monde de Fip radio suite \u00e0 l&rsquo;enregistrement du morceau \u00ab Mali \u00bb.<br \/>\nTribal Veda se constitue : Alexis (batterie), Corina (Chant), Demian (percussions), Franck (Laud), Goran (Chant-Bouzouki), Guillaume (Basse), Jovana (Chant), Pauline (Hautbois), Annelise (Clarinette), Charles-Zoltan, (Ing\u00e9nieur du son).<\/p>\n<p>\u00e0 partir de 21h30 : Grand bal, tous sur la piste de danse ! \u200b<\/p>\n<ul>\n<li><strong>Jeudi 27 Juillet<\/strong><\/li>\n<\/ul>\n<p>\u00e0 20h30 : Concert de Didier Dulieux &amp; Fred Bambou<br \/>\nEntr\u00e9e 5\u20ac<\/p>\n<p>Duo pour 2 musiciens follement dou\u00e9s, un accord\u00e9on et d&rsquo;insolites instruments&#8230;<br \/>\nUn concert \u00e0 ne surtout pas louper, \u00e0 voir, \u00e9couter, vivre, danser !<\/p>\n<ul>\n<li><strong>Vendredi 28 Juillet<\/strong><\/li>\n<\/ul>\n<p>\u00e0 21 h : Concert de Mawa Groove<br \/>\nMAWA GROOVE, un concert d&rsquo;Afro Jazz riche en rythmes et couleurs.Des rythmes traditionnels du B\u00e9nin du Burkina et du Niger aux Harmonies Jazz funk.<br \/>\nMAWA GROOVE nous fait voyager dans un univers de groove sans nul autre pareil. Des morceaux avec deux basses et de nombreux arrangements \u00e9tonnants !<\/p>\n<ul>\n<li><strong>Dimanche 30 Juillet<\/strong><\/li>\n<\/ul>\n<p>ATTENTION changement de lieu :Rdv au Parc Pichery devant la Mjc (10 Avenue Aspirant Buffet) !<br \/>\nSur place de 17h \u00e0 22h : Buvette et espace enfant !<\/p>\n<p>\u00e0 19 h : Ap\u00e9ro-Concert de Martimpr\u00e9<br \/>\nLe groupe Martimpr\u00e9 rassemble des musiciens de divers horizons (rock, blues, jazz, chanson, folk) r\u00e9unis autour d\u2019un projet : rapprocher le jazz et la chanson f ran\u00e7aise.<br \/>\nPour cela, quoi de plus naturel que de commencer par revisiter Georges Brassens !<br \/>\nIl ne s\u2019agit pas de collage ou d\u2019adaptation, mais bien plut\u00f4t d\u2019une adoption : faire r\u00e9\u00e9merger dans les chansons de Brassens cette scansion jazz dont il s\u2019est nourri toute sa vie.<\/p>\n<div>Bar culturel &amp; coop\u00e9ratif<\/div>\n<div>56 rue Joseph Rigal, 81600 Gaillac<br \/>\n05 67 67 25 87<\/div>\n<div><a href=\"http:\/\/www.cartes-sur-table.org\/\" target=\"_blank\" rel=\"nofollow noopener noreferrer\" data-saferedirecturl=\"https:\/\/www.google.com\/url?hl=fr&amp;q=http:\/\/www.cartes-sur-table.org\/&amp;source=gmail&amp;ust=1499379279132000&amp;usg=AFQjCNEsFfnEWuvqmNuqhjGvL89SyP8uXQ\">www.cartes-sur-table.org<\/a><\/div>\n<p><em>Communiqu\u00e9 par Aurore LERAT<\/em><\/p>\n<p><a href=\"https:\/\/www.o-p-i.fr\/parlonsen\/agenda\/\"><strong>Retrouvez tous les \u00e9v\u00e9nements dans l&rsquo;agenda !<\/strong><\/a><\/p>\n","protected":false},"excerpt":{"rendered":"<div class=\"mh-excerpt\">Le\u00a0Bar culturel &amp; coop\u00e9ratif \u00a0\u00ab\u00a0Cartes sur Table\u00a0\u00bb vous propose en juillet 2017<\/div>\n","protected":false},"author":4,"featured_media":0,"comment_status":"open","ping_status":"open","sticky":false,"template":"","format":"standard","meta":{"om_disable_all_campaigns":false,"advanced_seo_description":"","jetpack_seo_html_title":"","jetpack_seo_noindex":false,"_jetpack_memberships_contains_paid_content":false,"footnotes":"","_links_to":"","_links_to_target":""},"categories":[42,1,54,6,2833],"tags":[43,157,215,2851,2852],"class_list":{"0":"post-32925","1":"post","2":"type-post","3":"status-publish","4":"format-standard","6":"category-a-cote-de-chez-nous","7":"category-culture","8":"category-loisirs","9":"category-pratique","10":"category-n-136-juillet-2017","11":"tag-concert","12":"tag-repas","13":"tag-gaillac","14":"tag-bistrot","15":"tag-cartes-sur-table"},"jetpack_featured_media_url":"","views":{"total":0,"cached_at":"","cached_date":1738511673},"jetpack_likes_enabled":true,"jetpack_sharing_enabled":true,"jetpack_shortlink":"https:\/\/wp.me\/pg7Wxj-8z3","jetpack-related-posts":[],"_links":{"self":[{"href":"https:\/\/www.o-p-i.fr\/parlonsen\/wp-json\/wp\/v2\/posts\/32925","targetHints":{"allow":["GET"]}}],"collection":[{"href":"https:\/\/www.o-p-i.fr\/parlonsen\/wp-json\/wp\/v2\/posts"}],"about":[{"href":"https:\/\/www.o-p-i.fr\/parlonsen\/wp-json\/wp\/v2\/types\/post"}],"author":[{"embeddable":true,"href":"https:\/\/www.o-p-i.fr\/parlonsen\/wp-json\/wp\/v2\/users\/4"}],"replies":[{"embeddable":true,"href":"https:\/\/www.o-p-i.fr\/parlonsen\/wp-json\/wp\/v2\/comments?post=32925"}],"version-history":[{"count":0,"href":"https:\/\/www.o-p-i.fr\/parlonsen\/wp-json\/wp\/v2\/posts\/32925\/revisions"}],"wp:attachment":[{"href":"https:\/\/www.o-p-i.fr\/parlonsen\/wp-json\/wp\/v2\/media?parent=32925"}],"wp:term":[{"taxonomy":"category","embeddable":true,"href":"https:\/\/www.o-p-i.fr\/parlonsen\/wp-json\/wp\/v2\/categories?post=32925"},{"taxonomy":"post_tag","embeddable":true,"href":"https:\/\/www.o-p-i.fr\/parlonsen\/wp-json\/wp\/v2\/tags?post=32925"}],"curies":[{"name":"wp","href":"https:\/\/api.w.org\/{rel}","templated":true}]}}