{"id":32940,"date":"2017-07-07T05:33:57","date_gmt":"2017-07-07T04:33:57","guid":{"rendered":"\/parlonsen\/?p=32940"},"modified":"2017-07-07T05:33:57","modified_gmt":"2017-07-07T04:33:57","slug":"la-poule-farcie-a-monclar-de-quercy-82","status":"publish","type":"post","link":"https:\/\/www.o-p-i.fr\/parlonsen\/parlons-en\/pratique\/la-poule-farcie-a-monclar-de-quercy-82\/","title":{"rendered":"\u00ab\u00a0La poule farcie\u00a0\u00bb&#8230;. \u00e0 Monclar de Quercy (82)"},"content":{"rendered":"<p><strong>Samedi 22 et dimanche 23 juillet 2017,<\/strong> 31 \u00e8me F\u00e8sta Occitana.<!--more--><\/p>\n<p><img data-recalc-dims=\"1\" loading=\"lazy\" decoding=\"async\" class=\"alignright size-full wp-image-32941\" src=\"https:\/\/i0.wp.com\/www.o-p-i.fr\/parlonsen\/wp-content\/uploads\/poule.jpg?resize=283%2C188&#038;ssl=1\" alt=\"\" width=\"283\" height=\"188\" srcset=\"https:\/\/i0.wp.com\/www.o-p-i.fr\/parlonsen\/wp-content\/uploads\/poule.jpg?w=283&amp;ssl=1 283w, https:\/\/i0.wp.com\/www.o-p-i.fr\/parlonsen\/wp-content\/uploads\/poule.jpg?resize=150%2C100&amp;ssl=1 150w\" sizes=\"auto, (max-width: 283px) 100vw, 283px\" \/>La 31 \u00e8me f\u00e8sta occitana organis\u00e9e par le R\u00e9veil occitan de Tarn et Garonne aura lieu samedi 22 et dimanche 23 juillet. Nous vous pr\u00e9senterons l&rsquo;ensemble du programme dans une prochaine \u00e9dition. Aujourd&rsquo;hui c&rsquo;est de la poule farcie dont tout le monde \u00e0 envie. Je ne vous la pr\u00e9sente pas, elle a eu tous les suffrages lors des pr\u00e9c\u00e9dentes \u00e9ditions.<br \/>\nJe vous demande donc de lui renouveler votre confiance en r\u00e9servant votre repas et en demandant \u00e0 vos amis, votre famille, vos parents, vos voisins&#8230;. De r\u00e9server eux aussi pour que, comme chaque ann\u00e9e, nous soyons au moins 300 convives \u00e0 lui faire honneur&#8230; Et une ouverture internationale est annonc\u00e9e avec une importante d\u00e9l\u00e9gation autrichienne. On vient de loin pour notre poule farcie !<br \/>\nR\u00e9server d\u00e8s maintenant aupr\u00e8s de Line : 05 63 66 15 94 . Prix : 18\u20ac adulte ; 6\u20ac enfants de moins de 12 ans.<\/p>\n<p><em>Communiqu\u00e9 par Robert LINAS<\/em><\/p>\n<p><a href=\"https:\/\/www.o-p-i.fr\/parlonsen\/agenda\/\"><strong>Retrouvez tous les \u00e9v\u00e9nements dans l&rsquo;agenda !<\/strong><\/a><\/p>\n","protected":false},"excerpt":{"rendered":"<div class=\"mh-excerpt\">Samedi 22 et dimanche 23 juillet 2017, 31 \u00e8me F\u00e8sta Occitana.<\/div>\n","protected":false},"author":4,"featured_media":0,"comment_status":"open","ping_status":"open","sticky":false,"template":"","format":"standard","meta":{"om_disable_all_campaigns":false,"advanced_seo_description":"","jetpack_seo_html_title":"","jetpack_seo_noindex":false,"_jetpack_memberships_contains_paid_content":false,"footnotes":"","_links_to":"","_links_to_target":""},"categories":[16,54,6,2833],"tags":[143,874,1774],"class_list":{"0":"post-32940","1":"post","2":"type-post","3":"status-publish","4":"format-standard","6":"category-monclar","7":"category-loisirs","8":"category-pratique","9":"category-n-136-juillet-2017","10":"tag-monclar-de-quercy","11":"tag-poule-farcie","12":"tag-festa-occitana"},"jetpack_featured_media_url":"","views":{"total":0,"cached_at":"","cached_date":1738404866},"jetpack_likes_enabled":true,"jetpack_sharing_enabled":true,"jetpack_shortlink":"https:\/\/wp.me\/pg7Wxj-8zi","jetpack-related-posts":[],"_links":{"self":[{"href":"https:\/\/www.o-p-i.fr\/parlonsen\/wp-json\/wp\/v2\/posts\/32940","targetHints":{"allow":["GET"]}}],"collection":[{"href":"https:\/\/www.o-p-i.fr\/parlonsen\/wp-json\/wp\/v2\/posts"}],"about":[{"href":"https:\/\/www.o-p-i.fr\/parlonsen\/wp-json\/wp\/v2\/types\/post"}],"author":[{"embeddable":true,"href":"https:\/\/www.o-p-i.fr\/parlonsen\/wp-json\/wp\/v2\/users\/4"}],"replies":[{"embeddable":true,"href":"https:\/\/www.o-p-i.fr\/parlonsen\/wp-json\/wp\/v2\/comments?post=32940"}],"version-history":[{"count":0,"href":"https:\/\/www.o-p-i.fr\/parlonsen\/wp-json\/wp\/v2\/posts\/32940\/revisions"}],"wp:attachment":[{"href":"https:\/\/www.o-p-i.fr\/parlonsen\/wp-json\/wp\/v2\/media?parent=32940"}],"wp:term":[{"taxonomy":"category","embeddable":true,"href":"https:\/\/www.o-p-i.fr\/parlonsen\/wp-json\/wp\/v2\/categories?post=32940"},{"taxonomy":"post_tag","embeddable":true,"href":"https:\/\/www.o-p-i.fr\/parlonsen\/wp-json\/wp\/v2\/tags?post=32940"}],"curies":[{"name":"wp","href":"https:\/\/api.w.org\/{rel}","templated":true}]}}