{"id":33033,"date":"2017-07-13T12:25:43","date_gmt":"2017-07-13T11:25:43","guid":{"rendered":"\/parlonsen\/?p=33033"},"modified":"2017-07-13T12:41:58","modified_gmt":"2017-07-13T11:41:58","slug":"concert-de-musique-tzigane-a-montdurausse-81","status":"publish","type":"post","link":"https:\/\/www.o-p-i.fr\/parlonsen\/parlons-en\/culture\/concert-de-musique-tzigane-a-montdurausse-81\/","title":{"rendered":"Concert de Musique Tzigane&#8230;. \u00e0 Montdurausse (81)"},"content":{"rendered":"<p><strong>Samedi 22 juillet 2017<\/strong> \u00e0 19 heures, chez Anne Guiton.<!--more--><\/p>\n<p><img data-recalc-dims=\"1\" loading=\"lazy\" decoding=\"async\" class=\"alignright wp-image-33036\" src=\"https:\/\/i0.wp.com\/www.o-p-i.fr\/parlonsen\/wp-content\/uploads\/montdurausse.jpg?resize=350%2C496&#038;ssl=1\" alt=\"\" width=\"350\" height=\"496\" srcset=\"https:\/\/i0.wp.com\/www.o-p-i.fr\/parlonsen\/wp-content\/uploads\/montdurausse.jpg?w=446&amp;ssl=1 446w, https:\/\/i0.wp.com\/www.o-p-i.fr\/parlonsen\/wp-content\/uploads\/montdurausse.jpg?resize=212%2C300&amp;ssl=1 212w, https:\/\/i0.wp.com\/www.o-p-i.fr\/parlonsen\/wp-content\/uploads\/montdurausse.jpg?resize=106%2C150&amp;ssl=1 106w, https:\/\/i0.wp.com\/www.o-p-i.fr\/parlonsen\/wp-content\/uploads\/montdurausse.jpg?resize=400%2C567&amp;ssl=1 400w\" sizes=\"auto, (max-width: 350px) 100vw, 350px\" \/>Nous avons le plaisir de vous inviter \u00e0 un concert de Musique Tzigane chez l&rsquo;habitant avec le groupe \u00ab\u00a0Pitsi Ceveri \u00a0\u00bb<\/p>\n<p>C&rsquo;est dans un cadre champ\u00eatre, \u00e0 Montdurausse chez Anne Guiton. \u00a0\u00bb lieu dit les Cabanes\u00a0\u00bb 1176 route des Tils &#8211; (\u00e0 c\u00f4t\u00e9 de Monclar de Quercy) que se produira\u00a0le groupe \u00ab\u00a0Pitsi Ceveri \u00a0\u00bb<\/p>\n<p>Nous partagerons ensemble le repas tir\u00e9 du sac.. chacun apporte un plat sucr\u00e9 ou sal\u00e9 et une boisson.<\/p>\n<p>Entr\u00e9e : 10 \u20ac au profit de <strong>Pas sans Toit<\/strong> et de <strong>RESF (R\u00e9seau Education sans Fronti\u00e8res )<\/strong><\/p>\n<p>La recette de ce spectacle est enti\u00e8rement revers\u00e9e \u00e0 l&rsquo;association Pas sans Toit et \u00e0 RESF qui accompagnent des familles sans logement, en attente de r\u00e9gularisation.<\/p>\n<p>Le co voiturage est conseill\u00e9.<br \/>\n\u00e0 tr\u00e8s bient\u00f4t<br \/>\nle bureau de Pas sans Toit<\/p>\n<p>R\u00e9servation obligatoire par mail : <strong><a href=\"mailto:passanstoit@yahoo.fr\">passanstoit@yahoo.fr<\/a><\/strong> ou par t\u00e9l\u00e9phone : 05 63 40 57 90 ou par sms au 06 76 17 14 52<\/p>\n<p><em>Communiqu\u00e9 par Anne GUITON<\/em><\/p>\n<p><a href=\"https:\/\/www.o-p-i.fr\/parlonsen\/agenda\/\"><strong>Retrouvez tous les \u00e9v\u00e9nements dans l&rsquo;agenda !<\/strong><\/a><\/p>\n","protected":false},"excerpt":{"rendered":"<div class=\"mh-excerpt\">Samedi 22 juillet 2017 \u00e0 19 heures, chez Anne Guiton.<\/div>\n","protected":false},"author":4,"featured_media":0,"comment_status":"open","ping_status":"open","sticky":false,"template":"","format":"standard","meta":{"om_disable_all_campaigns":false,"advanced_seo_description":"","jetpack_seo_html_title":"","jetpack_seo_noindex":false,"_jetpack_memberships_contains_paid_content":false,"footnotes":"","_links_to":"","_links_to_target":""},"categories":[1,54,32,291,2833],"tags":[530,1724,2639,2863,2555,529],"class_list":{"0":"post-33033","1":"post","2":"type-post","3":"status-publish","4":"format-standard","6":"category-culture","7":"category-loisirs","8":"category-montdurausse","9":"category-solidarite","10":"category-n-136-juillet-2017","11":"tag-pas-sans-toit","12":"tag-resfpas-sans-toit","13":"tag-concert-chez-lhabitant","14":"tag-tzigane","15":"tag-montdurausse","16":"tag-resf"},"jetpack_featured_media_url":"","views":{"total":0,"cached_at":"","cached_date":1738344771},"jetpack_likes_enabled":true,"jetpack_sharing_enabled":true,"jetpack_shortlink":"https:\/\/wp.me\/pg7Wxj-8AN","jetpack-related-posts":[],"_links":{"self":[{"href":"https:\/\/www.o-p-i.fr\/parlonsen\/wp-json\/wp\/v2\/posts\/33033","targetHints":{"allow":["GET"]}}],"collection":[{"href":"https:\/\/www.o-p-i.fr\/parlonsen\/wp-json\/wp\/v2\/posts"}],"about":[{"href":"https:\/\/www.o-p-i.fr\/parlonsen\/wp-json\/wp\/v2\/types\/post"}],"author":[{"embeddable":true,"href":"https:\/\/www.o-p-i.fr\/parlonsen\/wp-json\/wp\/v2\/users\/4"}],"replies":[{"embeddable":true,"href":"https:\/\/www.o-p-i.fr\/parlonsen\/wp-json\/wp\/v2\/comments?post=33033"}],"version-history":[{"count":0,"href":"https:\/\/www.o-p-i.fr\/parlonsen\/wp-json\/wp\/v2\/posts\/33033\/revisions"}],"wp:attachment":[{"href":"https:\/\/www.o-p-i.fr\/parlonsen\/wp-json\/wp\/v2\/media?parent=33033"}],"wp:term":[{"taxonomy":"category","embeddable":true,"href":"https:\/\/www.o-p-i.fr\/parlonsen\/wp-json\/wp\/v2\/categories?post=33033"},{"taxonomy":"post_tag","embeddable":true,"href":"https:\/\/www.o-p-i.fr\/parlonsen\/wp-json\/wp\/v2\/tags?post=33033"}],"curies":[{"name":"wp","href":"https:\/\/api.w.org\/{rel}","templated":true}]}}