{"id":33315,"date":"2017-08-17T12:08:40","date_gmt":"2017-08-17T11:08:40","guid":{"rendered":"\/parlonsen\/?p=33315"},"modified":"2017-08-17T17:54:15","modified_gmt":"2017-08-17T16:54:15","slug":"cest-la-fete-a-verlhac-tescou-82","status":"publish","type":"post","link":"https:\/\/www.o-p-i.fr\/parlonsen\/localisation\/au-pays-des-tescous\/verlhac-tescou\/cest-la-fete-a-verlhac-tescou-82\/","title":{"rendered":"C&rsquo;est la f\u00eate&#8230;\u00e0 Verlhac Tescou (82)"},"content":{"rendered":"<p><strong>Samedi 26 et dimanche 27 ao\u00fbt 2017.<\/strong><!--more--><\/p>\n<h4>Au programme:<\/h4>\n<p><img data-recalc-dims=\"1\" loading=\"lazy\" decoding=\"async\" class=\"alignright wp-image-33321\" src=\"https:\/\/i0.wp.com\/www.o-p-i.fr\/parlonsen\/wp-content\/uploads\/artifice-2.jpg?resize=450%2C175&#038;ssl=1\" alt=\"\" width=\"450\" height=\"175\" srcset=\"https:\/\/i0.wp.com\/www.o-p-i.fr\/parlonsen\/wp-content\/uploads\/artifice-2.jpg?w=283&amp;ssl=1 283w, https:\/\/i0.wp.com\/www.o-p-i.fr\/parlonsen\/wp-content\/uploads\/artifice-2.jpg?resize=150%2C58&amp;ssl=1 150w\" sizes=\"auto, (max-width: 450px) 100vw, 450px\" \/>SAMEDI 26 AO\u00dbT<\/p>\n<ul>\n<li>20h30 Repas Moules\/Frites<br \/>\n(R\u00e9servation au 05.63.30.41.25 ou 05.63.30.34.44)<\/li>\n<li>22h30 Bal gratuit avec BETA OMEGA<\/li>\n<\/ul>\n<p>DIMANCHE 27 AO\u00dbT<\/p>\n<ul>\n<li>11h Match amical de foot<\/li>\n<li>11h Messe<\/li>\n<li>12h Ap\u00e9ritif<\/li>\n<li>14h30 Concours amical de p\u00e9tanque en doublette<\/li>\n<li>22h Bal gratuit avec BETA OMEGA<\/li>\n<li>22h30 Feu d&rsquo;artifice<\/li>\n<\/ul>\n<p>&nbsp;<\/p>\n<p>Un ch\u00e2teau gonflable est\u00a0mis gratuitement \u00e0 disposition des enfants durant les deux jours.<\/p>\n<p>Dimanche soir,\u00a0pizza service sur place pour se restaurer.<\/p>\n<p><em>Communiqu\u00e9 par Magali PEZOUS<\/em><\/p>\n<p><a href=\"https:\/\/www.o-p-i.fr\/parlonsen\/agenda\/\"><strong>Retrouvez tous les \u00e9v\u00e9nements dans l&rsquo;agenda !<\/strong><\/a><\/p>\n","protected":false},"excerpt":{"rendered":"<div class=\"mh-excerpt\">Samedi 26 et dimanche 27 ao\u00fbt 2017.<\/div>\n","protected":false},"author":4,"featured_media":0,"comment_status":"open","ping_status":"open","sticky":false,"template":"","format":"standard","meta":{"om_disable_all_campaigns":false,"advanced_seo_description":"","jetpack_seo_html_title":"","jetpack_seo_noindex":false,"_jetpack_memberships_contains_paid_content":false,"footnotes":"","_links_to":"","_links_to_target":""},"categories":[52,54,27,2844],"tags":[2893,56,2550,156,617],"class_list":{"0":"post-33315","1":"post","2":"type-post","3":"status-publish","4":"format-standard","6":"category-parlons-en","7":"category-loisirs","8":"category-verlhac-tescou","9":"category-n-137-aout-2017","10":"tag-moulesfrites","11":"tag-fete","12":"tag-verlhac-tescou","13":"tag-bal","14":"tag-feu-dartifice"},"jetpack_featured_media_url":"","views":{"total":0,"cached_at":"","cached_date":1738498065},"jetpack_likes_enabled":true,"jetpack_sharing_enabled":true,"jetpack_shortlink":"https:\/\/wp.me\/pg7Wxj-8Fl","jetpack-related-posts":[],"_links":{"self":[{"href":"https:\/\/www.o-p-i.fr\/parlonsen\/wp-json\/wp\/v2\/posts\/33315","targetHints":{"allow":["GET"]}}],"collection":[{"href":"https:\/\/www.o-p-i.fr\/parlonsen\/wp-json\/wp\/v2\/posts"}],"about":[{"href":"https:\/\/www.o-p-i.fr\/parlonsen\/wp-json\/wp\/v2\/types\/post"}],"author":[{"embeddable":true,"href":"https:\/\/www.o-p-i.fr\/parlonsen\/wp-json\/wp\/v2\/users\/4"}],"replies":[{"embeddable":true,"href":"https:\/\/www.o-p-i.fr\/parlonsen\/wp-json\/wp\/v2\/comments?post=33315"}],"version-history":[{"count":0,"href":"https:\/\/www.o-p-i.fr\/parlonsen\/wp-json\/wp\/v2\/posts\/33315\/revisions"}],"wp:attachment":[{"href":"https:\/\/www.o-p-i.fr\/parlonsen\/wp-json\/wp\/v2\/media?parent=33315"}],"wp:term":[{"taxonomy":"category","embeddable":true,"href":"https:\/\/www.o-p-i.fr\/parlonsen\/wp-json\/wp\/v2\/categories?post=33315"},{"taxonomy":"post_tag","embeddable":true,"href":"https:\/\/www.o-p-i.fr\/parlonsen\/wp-json\/wp\/v2\/tags?post=33315"}],"curies":[{"name":"wp","href":"https:\/\/api.w.org\/{rel}","templated":true}]}}