{"id":33393,"date":"2017-08-27T07:22:22","date_gmt":"2017-08-27T06:22:22","guid":{"rendered":"\/parlonsen\/?p=33393"},"modified":"2025-11-12T00:41:01","modified_gmt":"2025-11-11T23:41:01","slug":"bal-occitan-avec-aquo-rail-a-bioule-82","status":"publish","type":"post","link":"https:\/\/www.o-p-i.fr\/parlonsen\/localisation\/a-cote-de-chez-nous\/bioule\/bal-occitan-avec-aquo-rail-a-bioule-82\/","title":{"rendered":"Bal occitan avec Aqu\u00f2 R\u2019ail&#8230; \u00e0 Bioule (82)"},"content":{"rendered":"<p><strong>Vendredi 1er septembre 2017<\/strong> \u00e0 21h, \u00e0 la salle des f\u00eates.<!--more--><\/p>\n<p><img data-recalc-dims=\"1\" loading=\"lazy\" decoding=\"async\" class=\"alignright size-medium wp-image-33394\" src=\"https:\/\/i0.wp.com\/www.o-p-i.fr\/parlonsen\/wp-content\/uploads\/Bioule.jpg?resize=300%2C200&#038;ssl=1\" alt=\"\" width=\"300\" height=\"200\" srcset=\"https:\/\/i0.wp.com\/www.o-p-i.fr\/parlonsen\/wp-content\/uploads\/Bioule.jpg?resize=300%2C200&amp;ssl=1 300w, https:\/\/i0.wp.com\/www.o-p-i.fr\/parlonsen\/wp-content\/uploads\/Bioule.jpg?resize=150%2C100&amp;ssl=1 150w, https:\/\/i0.wp.com\/www.o-p-i.fr\/parlonsen\/wp-content\/uploads\/Bioule.jpg?resize=400%2C266&amp;ssl=1 400w, https:\/\/i0.wp.com\/www.o-p-i.fr\/parlonsen\/wp-content\/uploads\/Bioule.jpg?w=425&amp;ssl=1 425w\" sizes=\"auto, (max-width: 300px) 100vw, 300px\" \/><strong>Le <a href=\"https:\/\/www.o-p-i.fr\/aupays\/annuaire\/loisirs\/reveil-occitan\/\" target=\"_blank\" rel=\"noopener noreferrer\">R\u00e9veil occitan de Tarn et Garonne<\/a> <\/strong>organise un bal occitan gratuit vendredi 1er septembre \u00e0 la salle des f\u00eates. Il sera anim\u00e9 par le groupe Aqu\u00f2 Rail.<br \/>\nCe bal s\u2019inscrit dans \u00ab L\u2019Estiu du R\u00e9veil occitan \u00bb qui est un ensemble de manifestations gratuites organis\u00e9es par le R\u00e9veil occitan et soutenues par le Conseil D\u00e9partemental de Tarn et Garonne et le Conseil R\u00e9gional d\u2019Occitanie et les municipalit\u00e9s concern\u00e9es.<br \/>\nLe R\u00e9veil occitan a, ainsi, anim\u00e9 et diffus\u00e9 la culture occitane \u00e0 Montricoux, Montauban, Monclar de Quercy , N\u00e8grepelisse , Bioule.<br \/>\nCe bal occitan gratuit du 1er septembre marque la fin de <strong>\u00ab L\u2019Estiu occitan 2017 \u00bb<\/strong> . Venez danser, vous amuser, \u00e9couter de la belle musique traditionnelle !<\/p>\n<p>Renseignements: \u00a005 63 30 97 39 ; 06 16 09 51 41 ; 05 63 67 85 92<\/p>\n<p><em>Information communiqu\u00e9e par Robert LINAS<\/em><\/p>\n<p><a href=\"https:\/\/www.o-p-i.fr\/parlonsen\/agenda\/\"><strong>Retrouvez tous les \u00e9v\u00e9nements dans l&rsquo;agenda !<\/strong><\/a><\/p>\n","protected":false},"excerpt":{"rendered":"<div class=\"mh-excerpt\">Vendredi 1er septembre 2017 \u00e0 21h, \u00e0 la salle des f\u00eates.<\/div>\n","protected":false},"author":4,"featured_media":0,"comment_status":"open","ping_status":"open","sticky":false,"template":"","format":"standard","meta":{"om_disable_all_campaigns":false,"advanced_seo_description":"","jetpack_seo_html_title":"","jetpack_seo_noindex":false,"_jetpack_memberships_contains_paid_content":false,"footnotes":"","_links_to":"","_links_to_target":""},"categories":[40,54,2879],"tags":[838,2015],"class_list":{"0":"post-33393","1":"post","2":"type-post","3":"status-publish","4":"format-standard","6":"category-bioule","7":"category-loisirs","8":"category-n-137-septembre-2017","9":"tag-reveil-occitan","10":"tag-bal-occitan"},"jetpack_featured_media_url":"","views":{"total":6,"cached_at":"","cached_date":1738346083},"jetpack_likes_enabled":true,"jetpack_sharing_enabled":true,"jetpack_shortlink":"https:\/\/wp.me\/pg7Wxj-8GB","jetpack-related-posts":[],"_links":{"self":[{"href":"https:\/\/www.o-p-i.fr\/parlonsen\/wp-json\/wp\/v2\/posts\/33393","targetHints":{"allow":["GET"]}}],"collection":[{"href":"https:\/\/www.o-p-i.fr\/parlonsen\/wp-json\/wp\/v2\/posts"}],"about":[{"href":"https:\/\/www.o-p-i.fr\/parlonsen\/wp-json\/wp\/v2\/types\/post"}],"author":[{"embeddable":true,"href":"https:\/\/www.o-p-i.fr\/parlonsen\/wp-json\/wp\/v2\/users\/4"}],"replies":[{"embeddable":true,"href":"https:\/\/www.o-p-i.fr\/parlonsen\/wp-json\/wp\/v2\/comments?post=33393"}],"version-history":[{"count":1,"href":"https:\/\/www.o-p-i.fr\/parlonsen\/wp-json\/wp\/v2\/posts\/33393\/revisions"}],"predecessor-version":[{"id":67523,"href":"https:\/\/www.o-p-i.fr\/parlonsen\/wp-json\/wp\/v2\/posts\/33393\/revisions\/67523"}],"wp:attachment":[{"href":"https:\/\/www.o-p-i.fr\/parlonsen\/wp-json\/wp\/v2\/media?parent=33393"}],"wp:term":[{"taxonomy":"category","embeddable":true,"href":"https:\/\/www.o-p-i.fr\/parlonsen\/wp-json\/wp\/v2\/categories?post=33393"},{"taxonomy":"post_tag","embeddable":true,"href":"https:\/\/www.o-p-i.fr\/parlonsen\/wp-json\/wp\/v2\/tags?post=33393"}],"curies":[{"name":"wp","href":"https:\/\/api.w.org\/{rel}","templated":true}]}}