{"id":33516,"date":"2017-09-06T09:59:41","date_gmt":"2017-09-06T08:59:41","guid":{"rendered":"\/parlonsen\/?p=33516"},"modified":"2017-09-14T16:53:28","modified_gmt":"2017-09-14T15:53:28","slug":"journees-europeennes-du-patrimoine-a-lisle-sur-tarn-81","status":"publish","type":"post","link":"https:\/\/www.o-p-i.fr\/parlonsen\/parlons-en\/culture\/journees-europeennes-du-patrimoine-a-lisle-sur-tarn-81\/","title":{"rendered":"Journ\u00e9es Europ\u00e9ennes du Patrimoine&#8230; \u00e0 Lisle sur Tarn (81)"},"content":{"rendered":"<p><strong>Le samedi 16 et dimanche 17 septembre 2017<\/strong>, le mus\u00e9e Raymond Lafage vous propose deux \u00e9v\u00e9nements.<!--more--><\/p>\n<figure id=\"attachment_33523\" aria-describedby=\"caption-attachment-33523\" style=\"width: 283px\" class=\"wp-caption alignright\"><img data-recalc-dims=\"1\" loading=\"lazy\" decoding=\"async\" class=\"size-full wp-image-33523\" src=\"https:\/\/i0.wp.com\/www.o-p-i.fr\/parlonsen\/wp-content\/uploads\/HenrI-LOUBAT.jpg?resize=283%2C247&#038;ssl=1\" alt=\"\" width=\"283\" height=\"247\" srcset=\"https:\/\/i0.wp.com\/www.o-p-i.fr\/parlonsen\/wp-content\/uploads\/HenrI-LOUBAT.jpg?w=283&amp;ssl=1 283w, https:\/\/i0.wp.com\/www.o-p-i.fr\/parlonsen\/wp-content\/uploads\/HenrI-LOUBAT.jpg?resize=150%2C131&amp;ssl=1 150w\" sizes=\"auto, (max-width: 283px) 100vw, 283px\" \/><figcaption id=\"caption-attachment-33523\" class=\"wp-caption-text\">Henri LOUBAT<\/figcaption><\/figure>\n<p><strong>Samedi 16 septembre \u00e0 16h<\/strong><\/p>\n<p>Conf\u00e9rence sur Henri LOUBAT (1855-1926), peintre gaillacois, men\u00e9e par Monsieur LAONET Daniel, historien d&rsquo;art.<br \/>\n<strong>Dimanche 17 Septembre \u00e0 17h30<\/strong><\/p>\n<p>Les JAC&rsquo;S&#8230; comme Jeunes Ados Cultiv\u00e9s (14 ados de 11 \u00e0 17 ans) pr\u00e9sentent leur derni\u00e8re cr\u00e9ation \u00ab\u00a0Coq \u00d4 Tourisme !\u00a0\u00bb, th\u00e9\u00e2tre autour du vignoble gaillacois.<\/p>\n<p>L&rsquo;acc\u00e8s \u00e0 la conf\u00e9rence et \u00e0 la pi\u00e8ce de th\u00e9\u00e2tre est gratuit.<\/p>\n<p>L&rsquo;acc\u00e8s au mus\u00e9e reste payant<br \/>\n(Tarif normal : 4\u20ac &#8211; Tarif r\u00e9duit : 2\u20ac)<\/p>\n<p><strong> Contact : <\/strong>Mus\u00e9e Raymond Lafage<br \/>\n10 rue Victor Mazi\u00e8s<br \/>\n81310-Lisle sur Tarn<br \/>\nT\u00e9l. :0563404545<br \/>\nCourriel :<a href=\"mailto:musee.lislesurtarn@wanadoo.fr\">musee.lislesurtarn@wanadoo.fr<\/a><br \/>\nSite :<a href=\"http:\/\/museeraymondlafage.wifeo.com\/\" target=\"_blank\" rel=\"noopener noreferrer\">http:\/\/museeraymondlafage.wifeo.com\/<br \/>\n<\/a><br \/>\n<em>Information communiqu\u00e9e par : <\/em>Mus\u00e9e Raymond Lafage,l?organisateur de la manifestation<\/p>\n<p><a href=\"https:\/\/www.o-p-i.fr\/parlonsen\/agenda\/\"><strong>Retrouvez tous les \u00e9v\u00e9nements dans l&rsquo;agenda !<\/strong><\/a><\/p>\n","protected":false},"excerpt":{"rendered":"<div class=\"mh-excerpt\">Le samedi 16 et dimanche 17 septembre 2017, le mus\u00e9e Raymond Lafage vous propose deux \u00e9v\u00e9nements.<\/div>\n","protected":false},"author":4,"featured_media":0,"comment_status":"open","ping_status":"open","sticky":false,"template":"","format":"standard","meta":{"om_disable_all_campaigns":false,"advanced_seo_description":"","jetpack_seo_html_title":"","jetpack_seo_noindex":false,"_jetpack_memberships_contains_paid_content":false,"footnotes":"","_links_to":"","_links_to_target":""},"categories":[52,42,1,54,2880],"tags":[77,78,1057],"class_list":{"0":"post-33516","1":"post","2":"type-post","3":"status-publish","4":"format-standard","6":"category-parlons-en","7":"category-a-cote-de-chez-nous","8":"category-culture","9":"category-loisirs","10":"category-n-138-septembre-2017","11":"tag-lisle-sur-tarn","12":"tag-musee-raymond-lafage","13":"tag-journees-du-patrimoine"},"jetpack_featured_media_url":"","views":{"total":0,"cached_at":"","cached_date":1738467133},"jetpack_likes_enabled":true,"jetpack_sharing_enabled":true,"jetpack_shortlink":"https:\/\/wp.me\/pg7Wxj-8IA","jetpack-related-posts":[],"_links":{"self":[{"href":"https:\/\/www.o-p-i.fr\/parlonsen\/wp-json\/wp\/v2\/posts\/33516","targetHints":{"allow":["GET"]}}],"collection":[{"href":"https:\/\/www.o-p-i.fr\/parlonsen\/wp-json\/wp\/v2\/posts"}],"about":[{"href":"https:\/\/www.o-p-i.fr\/parlonsen\/wp-json\/wp\/v2\/types\/post"}],"author":[{"embeddable":true,"href":"https:\/\/www.o-p-i.fr\/parlonsen\/wp-json\/wp\/v2\/users\/4"}],"replies":[{"embeddable":true,"href":"https:\/\/www.o-p-i.fr\/parlonsen\/wp-json\/wp\/v2\/comments?post=33516"}],"version-history":[{"count":0,"href":"https:\/\/www.o-p-i.fr\/parlonsen\/wp-json\/wp\/v2\/posts\/33516\/revisions"}],"wp:attachment":[{"href":"https:\/\/www.o-p-i.fr\/parlonsen\/wp-json\/wp\/v2\/media?parent=33516"}],"wp:term":[{"taxonomy":"category","embeddable":true,"href":"https:\/\/www.o-p-i.fr\/parlonsen\/wp-json\/wp\/v2\/categories?post=33516"},{"taxonomy":"post_tag","embeddable":true,"href":"https:\/\/www.o-p-i.fr\/parlonsen\/wp-json\/wp\/v2\/tags?post=33516"}],"curies":[{"name":"wp","href":"https:\/\/api.w.org\/{rel}","templated":true}]}}