{"id":33534,"date":"2017-09-14T20:46:09","date_gmt":"2017-09-14T19:46:09","guid":{"rendered":"\/parlonsen\/?p=33534"},"modified":"2017-09-14T20:50:32","modified_gmt":"2017-09-14T19:50:32","slug":"assemblee-generale-do-p-i-des-terscous-a-salvagnac-81","status":"publish","type":"post","link":"https:\/\/www.o-p-i.fr\/parlonsen\/parlons-en\/pratique\/assemblee-generale-do-p-i-des-terscous-a-salvagnac-81\/","title":{"rendered":"Assembl\u00e9e G\u00e9n\u00e9rale d&rsquo;O.P.I. des Tescou&rsquo;s&#8230;\u00e0 Salvagnac (81)"},"content":{"rendered":"<p><strong>Vendredi 29 septembre 2017 \u00e0<\/strong> 20h.30 \u00e0 la salle Caraven Cachen (salle du billard)<!--more--><br \/>\n\u00ab\u00a0O.P.I. Des Tescou&rsquo;s\u00a0\u00bb, 10\u00e8me anniversaire\u00a0! Assembl\u00e9e G\u00e9n\u00e9rale<\/p>\n<p>Voici dix ans que notre (votre?) association se fait le relais des informations locales concernant les acteurs \u00e9conomiques et sociaux de chez nous et des environs. Gr\u00e2ce \u00e0 ses diff\u00e9rentes rubriques,<strong><a href=\"https:\/\/www.o-p-i.fr\/aupays\/opi\/agenda\/\" target=\"_blank\" rel=\"noopener noreferrer\"> agenda<\/a>, <a href=\"https:\/\/www.o-p-i.fr\/aupays\/annuaire\/rubriques\/\" target=\"_blank\" rel=\"noopener noreferrer\">annuaire<\/a>,<\/strong> gazette <strong><a href=\"https:\/\/www.o-p-i.fr\/parlonsen\/\" target=\"_blank\" rel=\"noopener noreferrer\">\u00ab\u00a0parlons-en\u00a0\u00bb<\/a><\/strong> et sa lettre hebdomadaire adress\u00e9e aujourd\u2019hui \u00e0 3302 familles, le site d&rsquo;O.P.I. a re\u00e7u a ce jour 668 304 visites qui ont donn\u00e9 lieu \u00e0 1 421 626 pages vues. Tout cela nous incite \u00e0 poursuivre notre action, d&rsquo;autant qu&rsquo;un certain nombre de communes du Pays des Tescou&rsquo;s nous ont encourag\u00e9 en nous attribuant une aide qui nous permet de rester ma\u00eetre de notre serveur. Nous tenons \u00e0 les en remercier.<br \/>\nFin 2016 nous avions lanc\u00e9 un appel aux \u00ab\u00a0veilleurs\u00a0\u00bb&#8230; Il convient de renforcer le r\u00e9seau de collecte d&rsquo;informations. Nous aborderons ce sujet lors de l&rsquo;Assembl\u00e9e G\u00e9n\u00e9rale qui se tiendra le vendredi 29 septembre 2017 \u00e0 Salvagnac, salle Caraven Cachen \u00e0 20 heures 30. Bienvenue \u00e0 tous\u00a0!<br \/>\nPour des renseignements compl\u00e9mentaires\u00a0: 06 99 11 43 21<\/p>\n<p><em>Communiqu\u00e9 par O.P.I. des Tescou&rsquo;s<\/em><br \/>\n<a href=\"https:\/\/www.o-p-i.fr\/parlonsen\/agenda\/\"><strong>Retrouvez tous les \u00e9v\u00e9nements dans l&rsquo;agenda !<\/strong><\/a><\/p>\n","protected":false},"excerpt":{"rendered":"<div class=\"mh-excerpt\">Vendredi 29 septembre 2017 \u00e0 20h.30 \u00e0 la salle Caraven Cachen (salle du billard)<\/div>\n","protected":false},"author":4,"featured_media":0,"comment_status":"open","ping_status":"open","sticky":false,"template":"","format":"standard","meta":{"om_disable_all_campaigns":false,"advanced_seo_description":"","jetpack_seo_html_title":"","jetpack_seo_noindex":false,"_jetpack_memberships_contains_paid_content":false,"footnotes":"","_links_to":"","_links_to_target":""},"categories":[52,828,6,25,2880],"tags":[2619,2927,2548],"class_list":{"0":"post-33534","1":"post","2":"type-post","3":"status-publish","4":"format-standard","6":"category-parlons-en","7":"category-au-pays-des-tescous","8":"category-pratique","9":"category-salvagnac","10":"category-n-138-septembre-2017","11":"tag-assemblee-generale","12":"tag-opi-des-tescous","13":"tag-salvagnac"},"jetpack_featured_media_url":"","views":{"total":0,"cached_at":"","cached_date":1738265836},"jetpack_likes_enabled":true,"jetpack_sharing_enabled":true,"jetpack_shortlink":"https:\/\/wp.me\/pg7Wxj-8IS","jetpack-related-posts":[],"_links":{"self":[{"href":"https:\/\/www.o-p-i.fr\/parlonsen\/wp-json\/wp\/v2\/posts\/33534","targetHints":{"allow":["GET"]}}],"collection":[{"href":"https:\/\/www.o-p-i.fr\/parlonsen\/wp-json\/wp\/v2\/posts"}],"about":[{"href":"https:\/\/www.o-p-i.fr\/parlonsen\/wp-json\/wp\/v2\/types\/post"}],"author":[{"embeddable":true,"href":"https:\/\/www.o-p-i.fr\/parlonsen\/wp-json\/wp\/v2\/users\/4"}],"replies":[{"embeddable":true,"href":"https:\/\/www.o-p-i.fr\/parlonsen\/wp-json\/wp\/v2\/comments?post=33534"}],"version-history":[{"count":0,"href":"https:\/\/www.o-p-i.fr\/parlonsen\/wp-json\/wp\/v2\/posts\/33534\/revisions"}],"wp:attachment":[{"href":"https:\/\/www.o-p-i.fr\/parlonsen\/wp-json\/wp\/v2\/media?parent=33534"}],"wp:term":[{"taxonomy":"category","embeddable":true,"href":"https:\/\/www.o-p-i.fr\/parlonsen\/wp-json\/wp\/v2\/categories?post=33534"},{"taxonomy":"post_tag","embeddable":true,"href":"https:\/\/www.o-p-i.fr\/parlonsen\/wp-json\/wp\/v2\/tags?post=33534"}],"curies":[{"name":"wp","href":"https:\/\/api.w.org\/{rel}","templated":true}]}}