{"id":33602,"date":"2017-09-14T14:15:10","date_gmt":"2017-09-14T13:15:10","guid":{"rendered":"\/parlonsen\/?p=33602"},"modified":"2017-09-14T23:12:08","modified_gmt":"2017-09-14T22:12:08","slug":"fete-du-patrimoine-a-verlhac-tescou-2","status":"publish","type":"post","link":"https:\/\/www.o-p-i.fr\/parlonsen\/parlons-en\/culture\/fete-du-patrimoine-a-verlhac-tescou-2\/","title":{"rendered":"F\u00eate du patrimoine &#8230;\u00e0 Verlhac Tescou"},"content":{"rendered":"<p><strong>Samedi 23 et dimanche 24 septembre 2017.<\/strong><!--more--><img data-recalc-dims=\"1\" loading=\"lazy\" decoding=\"async\" class=\"aligncenter wp-image-33603 size-full\" src=\"https:\/\/i0.wp.com\/www.o-p-i.fr\/parlonsen\/wp-content\/uploads\/Verlhac.jpg?resize=567%2C1222&#038;ssl=1\" alt=\"\" width=\"567\" height=\"1222\" srcset=\"https:\/\/i0.wp.com\/www.o-p-i.fr\/parlonsen\/wp-content\/uploads\/Verlhac.jpg?w=567&amp;ssl=1 567w, https:\/\/i0.wp.com\/www.o-p-i.fr\/parlonsen\/wp-content\/uploads\/Verlhac.jpg?resize=139%2C300&amp;ssl=1 139w, https:\/\/i0.wp.com\/www.o-p-i.fr\/parlonsen\/wp-content\/uploads\/Verlhac.jpg?resize=475%2C1024&amp;ssl=1 475w, https:\/\/i0.wp.com\/www.o-p-i.fr\/parlonsen\/wp-content\/uploads\/Verlhac.jpg?resize=70%2C150&amp;ssl=1 70w, https:\/\/i0.wp.com\/www.o-p-i.fr\/parlonsen\/wp-content\/uploads\/Verlhac.jpg?resize=400%2C862&amp;ssl=1 400w\" sizes=\"auto, (max-width: 567px) 100vw, 567px\" \/><\/p>\n<p>Le chantier de restauration ext\u00e9rieure arrive dans sa face finale : n&rsquo;h\u00e9sitez pas \u00e0 venir voir les options choisies pour les finitions.<br \/>\nMerci encore aux donateurs priv\u00e9s et institutionnels<\/p>\n<p>&nbsp;<\/p>\n<p>Information communiqu\u00e9e par Guy ROUMAGNAC<\/p>\n<p><a href=\"https:\/\/www.o-p-i.fr\/parlonsen\/agenda\/\"><strong>Retrouvez tous les \u00e9v\u00e9nements dans l&rsquo;agenda !<\/strong><\/a><\/p>\n","protected":false},"excerpt":{"rendered":"<div class=\"mh-excerpt\">Samedi 23 et dimanche 24 septembre 2017.<\/div>\n","protected":false},"author":4,"featured_media":0,"comment_status":"open","ping_status":"open","sticky":false,"template":"","format":"standard","meta":{"om_disable_all_campaigns":false,"advanced_seo_description":"","jetpack_seo_html_title":"","jetpack_seo_noindex":false,"_jetpack_memberships_contains_paid_content":false,"footnotes":"","_links_to":"","_links_to_target":""},"categories":[1,54,6,27,2880],"tags":[2550,1057,1920],"class_list":{"0":"post-33602","1":"post","2":"type-post","3":"status-publish","4":"format-standard","6":"category-culture","7":"category-loisirs","8":"category-pratique","9":"category-verlhac-tescou","10":"category-n-138-septembre-2017","11":"tag-verlhac-tescou","12":"tag-journees-du-patrimoine","13":"tag-hiaude"},"jetpack_featured_media_url":"","views":{"total":0,"cached_at":"","cached_date":1738463775},"jetpack_likes_enabled":true,"jetpack_sharing_enabled":true,"jetpack_shortlink":"https:\/\/wp.me\/pg7Wxj-8JY","jetpack-related-posts":[],"_links":{"self":[{"href":"https:\/\/www.o-p-i.fr\/parlonsen\/wp-json\/wp\/v2\/posts\/33602","targetHints":{"allow":["GET"]}}],"collection":[{"href":"https:\/\/www.o-p-i.fr\/parlonsen\/wp-json\/wp\/v2\/posts"}],"about":[{"href":"https:\/\/www.o-p-i.fr\/parlonsen\/wp-json\/wp\/v2\/types\/post"}],"author":[{"embeddable":true,"href":"https:\/\/www.o-p-i.fr\/parlonsen\/wp-json\/wp\/v2\/users\/4"}],"replies":[{"embeddable":true,"href":"https:\/\/www.o-p-i.fr\/parlonsen\/wp-json\/wp\/v2\/comments?post=33602"}],"version-history":[{"count":0,"href":"https:\/\/www.o-p-i.fr\/parlonsen\/wp-json\/wp\/v2\/posts\/33602\/revisions"}],"wp:attachment":[{"href":"https:\/\/www.o-p-i.fr\/parlonsen\/wp-json\/wp\/v2\/media?parent=33602"}],"wp:term":[{"taxonomy":"category","embeddable":true,"href":"https:\/\/www.o-p-i.fr\/parlonsen\/wp-json\/wp\/v2\/categories?post=33602"},{"taxonomy":"post_tag","embeddable":true,"href":"https:\/\/www.o-p-i.fr\/parlonsen\/wp-json\/wp\/v2\/tags?post=33602"}],"curies":[{"name":"wp","href":"https:\/\/api.w.org\/{rel}","templated":true}]}}