{"id":33659,"date":"2017-09-20T09:20:39","date_gmt":"2017-09-20T08:20:39","guid":{"rendered":"\/parlonsen\/?p=33659"},"modified":"2017-09-20T09:26:10","modified_gmt":"2017-09-20T08:26:10","slug":"generale-des-amis-de-la-chanson-a-lisle-sur-tarn-81","status":"publish","type":"post","link":"https:\/\/www.o-p-i.fr\/parlonsen\/localisation\/a-cote-de-chez-nous\/generale-des-amis-de-la-chanson-a-lisle-sur-tarn-81\/","title":{"rendered":"G\u00e9n\u00e9rale des \u00ab\u00a0Amis de la Chanson\u00a0\u00bb &#8230;\u00e0 Lisle sur Tarn (81)"},"content":{"rendered":"<p>Le\u00a0<strong>dimanche 8 Octobre 2017<\/strong> \u00e0 14 h 30, Salle Pierre Salvet<!--more--><br \/>\n<img data-recalc-dims=\"1\" loading=\"lazy\" decoding=\"async\" class=\"alignright wp-image-33671 size-full\" src=\"https:\/\/i0.wp.com\/www.o-p-i.fr\/parlonsen\/wp-content\/uploads\/amis-chanson.jpg?resize=425%2C173&#038;ssl=1\" alt=\"\" width=\"425\" height=\"173\" srcset=\"https:\/\/i0.wp.com\/www.o-p-i.fr\/parlonsen\/wp-content\/uploads\/amis-chanson.jpg?w=425&amp;ssl=1 425w, https:\/\/i0.wp.com\/www.o-p-i.fr\/parlonsen\/wp-content\/uploads\/amis-chanson.jpg?resize=300%2C122&amp;ssl=1 300w, https:\/\/i0.wp.com\/www.o-p-i.fr\/parlonsen\/wp-content\/uploads\/amis-chanson.jpg?resize=150%2C61&amp;ssl=1 150w, https:\/\/i0.wp.com\/www.o-p-i.fr\/parlonsen\/wp-content\/uploads\/amis-chanson.jpg?resize=400%2C163&amp;ssl=1 400w\" sizes=\"auto, (max-width: 425px) 100vw, 425px\" \/><strong><a href=\"https:\/\/amischantons81.jimdo.com\/\" target=\"_blank\" rel=\"noopener noreferrer\">Les Amis de la Chanson de Lisle sur Tarn<\/a> <\/strong>vous proposent un\u00a0\u00e9v\u00e9nement \u00e0 vivre ensemble: la g\u00e9n\u00e9rale de leur tout nouveau spectacle.<\/p>\n<p>Pr\u00e9sentation en 2 h 30 de chansons et de belles chor\u00e9graphies. Groupe, duos et solos raviront vos oreilles et vos yeux.<\/p>\n<p><em>\u00ab\u00a0Venez voyager avec nous\u00a0\u00bb.<\/em><\/p>\n<p>Entr\u00e9e 10 euros.<\/p>\n<p>Ventes de boissons et p\u00e2tisseries.<\/p>\n<p>R\u00e9servation possible au 06 04 48 96 70.<\/p>\n<p><strong> Contact : <\/strong>Marie Th\u00e9r\u00e8se\u00a0BRILLANT<br \/>\nAll\u00e9e du Golf<br \/>\n81600-RIVIERES<br \/>\nT\u00e9l. :0604489670<br \/>\nCourriel :<a href=\"mailto:marie-therese.brillant@orange.fr\">marie-therese.brillant@orange.fr<\/a><br \/>\nSite :<a href=\"http:\/\/www.amischantons81.fr\" target=\"_blank\" rel=\"noopener noreferrer\"><strong>http:\/\/www.amischantons81.fr<\/strong><br \/>\n<\/a><br \/>\n<em>Information communiqu\u00e9e par : Marie Th\u00e9r\u00e8se\u00a0BRILLANT<\/em><\/p>\n","protected":false},"excerpt":{"rendered":"<div class=\"mh-excerpt\">Le\u00a0dimanche 8 Octobre 2017 \u00e0 14 h 30, Salle Pierre Salvet<\/div>\n","protected":false},"author":4,"featured_media":0,"comment_status":"open","ping_status":"open","sticky":false,"template":"","format":"standard","meta":{"om_disable_all_campaigns":false,"advanced_seo_description":"","jetpack_seo_html_title":"","jetpack_seo_noindex":false,"_jetpack_memberships_contains_paid_content":false,"footnotes":"","_links_to":"","_links_to_target":""},"categories":[52,42,54,2912],"tags":[2312,77],"class_list":{"0":"post-33659","1":"post","2":"type-post","3":"status-publish","4":"format-standard","6":"category-parlons-en","7":"category-a-cote-de-chez-nous","8":"category-loisirs","9":"category-n-139-octobre-2017-numero-de-journal","10":"tag-les-amis-de-la-chanson-de-lisle-sur-tarn","11":"tag-lisle-sur-tarn"},"jetpack_featured_media_url":"","views":{"total":2,"cached_at":"","cached_date":1738482962},"jetpack_likes_enabled":true,"jetpack_sharing_enabled":true,"jetpack_shortlink":"https:\/\/wp.me\/pg7Wxj-8KT","jetpack-related-posts":[],"_links":{"self":[{"href":"https:\/\/www.o-p-i.fr\/parlonsen\/wp-json\/wp\/v2\/posts\/33659","targetHints":{"allow":["GET"]}}],"collection":[{"href":"https:\/\/www.o-p-i.fr\/parlonsen\/wp-json\/wp\/v2\/posts"}],"about":[{"href":"https:\/\/www.o-p-i.fr\/parlonsen\/wp-json\/wp\/v2\/types\/post"}],"author":[{"embeddable":true,"href":"https:\/\/www.o-p-i.fr\/parlonsen\/wp-json\/wp\/v2\/users\/4"}],"replies":[{"embeddable":true,"href":"https:\/\/www.o-p-i.fr\/parlonsen\/wp-json\/wp\/v2\/comments?post=33659"}],"version-history":[{"count":0,"href":"https:\/\/www.o-p-i.fr\/parlonsen\/wp-json\/wp\/v2\/posts\/33659\/revisions"}],"wp:attachment":[{"href":"https:\/\/www.o-p-i.fr\/parlonsen\/wp-json\/wp\/v2\/media?parent=33659"}],"wp:term":[{"taxonomy":"category","embeddable":true,"href":"https:\/\/www.o-p-i.fr\/parlonsen\/wp-json\/wp\/v2\/categories?post=33659"},{"taxonomy":"post_tag","embeddable":true,"href":"https:\/\/www.o-p-i.fr\/parlonsen\/wp-json\/wp\/v2\/tags?post=33659"}],"curies":[{"name":"wp","href":"https:\/\/api.w.org\/{rel}","templated":true}]}}