{"id":33675,"date":"2017-09-20T12:58:27","date_gmt":"2017-09-20T11:58:27","guid":{"rendered":"\/parlonsen\/?p=33675"},"modified":"2017-09-20T13:08:23","modified_gmt":"2017-09-20T12:08:23","slug":"apero-concert-a-monclar-de-quercy-82","status":"publish","type":"post","link":"https:\/\/www.o-p-i.fr\/parlonsen\/localisation\/au-pays-des-tescous\/monclar\/apero-concert-a-monclar-de-quercy-82\/","title":{"rendered":"Ap\u00e9ro-concert&#8230; \u00e0 Monclar de Quercy (82)"},"content":{"rendered":"<p><strong>Le samedi 14 octobre 2017<\/strong>, \u00e0 19h,\u00a0salle du groupe scolaire.<!--more--><img data-recalc-dims=\"1\" loading=\"lazy\" decoding=\"async\" class=\"alignright size-medium wp-image-33676\" src=\"https:\/\/i0.wp.com\/www.o-p-i.fr\/parlonsen\/wp-content\/uploads\/Cantabile.jpg?resize=300%2C198&#038;ssl=1\" alt=\"\" width=\"300\" height=\"198\" srcset=\"https:\/\/i0.wp.com\/www.o-p-i.fr\/parlonsen\/wp-content\/uploads\/Cantabile.jpg?resize=300%2C198&amp;ssl=1 300w, https:\/\/i0.wp.com\/www.o-p-i.fr\/parlonsen\/wp-content\/uploads\/Cantabile.jpg?resize=150%2C99&amp;ssl=1 150w, https:\/\/i0.wp.com\/www.o-p-i.fr\/parlonsen\/wp-content\/uploads\/Cantabile.jpg?resize=400%2C264&amp;ssl=1 400w, https:\/\/i0.wp.com\/www.o-p-i.fr\/parlonsen\/wp-content\/uploads\/Cantabile.jpg?w=425&amp;ssl=1 425w\" sizes=\"auto, (max-width: 300px) 100vw, 300px\" \/><strong><a href=\"https:\/\/www.o-p-i.fr\/aupays\/annuaire\/loisirs\/association-musicale-cantabile\/\" target=\"_blank\" rel=\"noopener noreferrer\">L&rsquo;\u00e9cole de musique Cantabile <\/a><\/strong>accueille le groupe Les Tontons Zikeurs &#8211; alias Fanfan, Jean-Loup, Jojo et Papou &#8211; pour un ap\u00e9ro-concert.<br \/>\nDe Boris Vian \u00e0 Nougaro, en passant par Ricet Barrier, Eric Toulis\u2026 Une pointe de Brassens, quelques interludes, du beau texte, rien que du beau texte&#8230; et pas triste\u2026<br \/>\nLa salle du groupe scolaire se transformera le temps d&rsquo;une soir\u00e9e en ap\u00e9ro-bar, pour \u00e9couter de la bonne musique, prendre un verre, discuter entre amis et, pourquoi pas, chanter avec les artistes les chansons que tout le monde conna\u00eet.<br \/>\nEntr\u00e9e 5\u20ac. Bar \u00e0 tapas.<br \/>\nR\u00e9servations obligatoires avant le 8 octobre au 06 71 53 39 60 (laisser un message) ou par mail <strong><a href=\"http:\/\/assocantabile@gmail.com.\">assocantabile@gmail.com.<\/a><\/strong><\/p>\n<p>Information communiqu\u00e9e par Nina JOUSSAIN<\/p>\n<p><a href=\"https:\/\/www.o-p-i.fr\/parlonsen\/agenda\/\"><strong>Retrouvez tous les \u00e9v\u00e9nements dans l&rsquo;agenda !<\/strong><\/a><\/p>\n","protected":false},"excerpt":{"rendered":"<div class=\"mh-excerpt\">Le samedi 14 octobre 2017, \u00e0 19h,\u00a0salle du groupe scolaire.<\/div>\n","protected":false},"author":4,"featured_media":0,"comment_status":"open","ping_status":"open","sticky":false,"template":"","format":"standard","meta":{"om_disable_all_campaigns":false,"advanced_seo_description":"","jetpack_seo_html_title":"","jetpack_seo_noindex":false,"_jetpack_memberships_contains_paid_content":false,"footnotes":"","_links_to":"","_links_to_target":""},"categories":[16,54,2912],"tags":[143,1370,1825],"class_list":{"0":"post-33675","1":"post","2":"type-post","3":"status-publish","4":"format-standard","6":"category-monclar","7":"category-loisirs","8":"category-n-139-octobre-2017-numero-de-journal","9":"tag-monclar-de-quercy","10":"tag-cantabile","11":"tag-apero-concert"},"jetpack_featured_media_url":"","views":{"total":0,"cached_at":"","cached_date":1738216999},"jetpack_likes_enabled":true,"jetpack_sharing_enabled":true,"jetpack_shortlink":"https:\/\/wp.me\/pg7Wxj-8L9","jetpack-related-posts":[],"_links":{"self":[{"href":"https:\/\/www.o-p-i.fr\/parlonsen\/wp-json\/wp\/v2\/posts\/33675","targetHints":{"allow":["GET"]}}],"collection":[{"href":"https:\/\/www.o-p-i.fr\/parlonsen\/wp-json\/wp\/v2\/posts"}],"about":[{"href":"https:\/\/www.o-p-i.fr\/parlonsen\/wp-json\/wp\/v2\/types\/post"}],"author":[{"embeddable":true,"href":"https:\/\/www.o-p-i.fr\/parlonsen\/wp-json\/wp\/v2\/users\/4"}],"replies":[{"embeddable":true,"href":"https:\/\/www.o-p-i.fr\/parlonsen\/wp-json\/wp\/v2\/comments?post=33675"}],"version-history":[{"count":0,"href":"https:\/\/www.o-p-i.fr\/parlonsen\/wp-json\/wp\/v2\/posts\/33675\/revisions"}],"wp:attachment":[{"href":"https:\/\/www.o-p-i.fr\/parlonsen\/wp-json\/wp\/v2\/media?parent=33675"}],"wp:term":[{"taxonomy":"category","embeddable":true,"href":"https:\/\/www.o-p-i.fr\/parlonsen\/wp-json\/wp\/v2\/categories?post=33675"},{"taxonomy":"post_tag","embeddable":true,"href":"https:\/\/www.o-p-i.fr\/parlonsen\/wp-json\/wp\/v2\/tags?post=33675"}],"curies":[{"name":"wp","href":"https:\/\/api.w.org\/{rel}","templated":true}]}}