{"id":33697,"date":"2017-09-20T22:06:44","date_gmt":"2017-09-20T21:06:44","guid":{"rendered":"\/parlonsen\/?p=33697"},"modified":"2017-09-20T22:06:44","modified_gmt":"2017-09-20T21:06:44","slug":"a-pied-ou-a-velo-avec-la-belle-montee-a-la-salvetat-82","status":"publish","type":"post","link":"https:\/\/www.o-p-i.fr\/parlonsen\/localisation\/au-pays-des-tescous\/salvetat\/a-pied-ou-a-velo-avec-la-belle-montee-a-la-salvetat-82\/","title":{"rendered":"A pied ou \u00e0 v\u00e9lo avec \u00ab\u00a0La Belle Mont\u00e9e\u00a0\u00bb&#8230; \u00e0 La Salvetat (82)"},"content":{"rendered":"<p>Programme de <strong>septembre et octobre 2017<\/strong><!--more--><\/p>\n<p>Les activit\u00e9s de l&rsquo;association ont repris. Voici le programme de septembre et octobre 2017.<\/p>\n<p><strong>A noter<\/strong> la mise en place de randonn\u00e9es le mardi matin qui seront destin\u00e9es aux personnes d\u00e9sirant faire de courtes distances, environ 5\/6 km maxi et \u00e0 un faible rythme. Celles-ci viennent en compl\u00e9ment des activit\u00e9s rando du jeudi apr\u00e8s-midi et du week-end.<\/p>\n<p><strong>Programme de septembre et octobre 2017<\/strong><\/p>\n<p><strong>POUR LES MARCHEURS<\/strong> : Les randonn\u00e9es sont maintenues alternativement le samedi et le dimanche apr\u00e8s-midi. Rendez-vous \u00e0 14h00 \u00e0 la salle des associations (derriere l&rsquo;eglise) DE LA SALVETAT selon le programme suivant :<\/p>\n<p>Samedi 16\u00a0septembre: For\u00eat de Siven &#8211; 2h30 \u2013 8 Kms \u2013 facile.<br \/>\nDimanche 24 septembre : Verlhac. Radonn\u00e9e dans le cadre des journ\u00e9es du patrimoine suivant programme des organisateurs locaux.<br \/>\nSamedi\u00a0 30 septembre : Castelnau de Montmirail \u2013 Sentier de Gradille \u2013 9 kms \u2013 2h45 -Moyen.<br \/>\nDimanche\u00a008\u00a0octobre: Penne \u2013 sentier des suquets &#8211; 9 kms \u2013 3h30 &#8211; Difficile<br \/>\nSamedi\u00a0 14\u00a0octobre: Monclar \u2013 C\u00f4teaux de Bonnanech et vall\u00e9e du Tescounet &#8211; 7 kms \u2013 2H00 &#8211; Facile<br \/>\nDimanche\u00a0 22\u00a0octobre : St Beauzille &#8211; 10 kms \u2013 2H30 &#8211; Moyen<br \/>\nSamedi\u00a0 28\u00a0octobre : St Caprais &#8211; 9 kms \u2013 2h30 &#8211; Moyen<\/p>\n<p>Contacts : Fran\u00e7oise BROUCHET 06-89-15-74-61 &amp; Nicole DUCOS : 06-49-39-26-06<\/p>\n<p>Tous les mardis matins randonn\u00e9es faciles 6 km maximum. RDV \u00e0 9h30 parking de l&rsquo;\u00e9glise de La Salvetat.<br \/>\nContacts : Genevi\u00e8ve DOUREL : 06-28-35-48-78<\/p>\n<p>Tous les jeudis apr\u00e8s-midis randonn\u00e9es &#8211; lieu \u00e0 d\u00e9finir au moment. RDV \u00e0 14h00 parking de l&rsquo;\u00e9glise de La Salvetat.<br \/>\nContacts : Andr\u00e9 BROUSSE 06-10-05-49-04 \/ Monique MURATET 06-83-89-37-81<\/p>\n<p>En cas de probl\u00e8me d&rsquo;encadrement, de m\u00e9t\u00e9o, ou tout autre impr\u00e9vu, les organisateurs pourront \u00eatre amen\u00e9s \u00e0 changer le parcours initialement pr\u00e9vu, c&rsquo;est pourquoi nous vous conseillons de toujours venir au point de rendez-vous \u00e0 la salle des associations, parking de l&rsquo;\u00e9glise de La Salvetat. Les distances, temps et d\u00e9nivel\u00e9s sont donn\u00e9s \u00e0 titre indicatif et peuvent parfois varier.<\/p>\n<p><strong>POUR LES CYCLISTES SUR ROUTE :<\/strong><\/p>\n<p>Le dimanche matin rendez-vous \u00e0 8h30 salle des associations de La Salvetat. Les parcours seront \u00e9tablis en fonction des participants et de la m\u00e9t\u00e9o (g\u00e9n\u00e9ralement de 60 \u00e0 90 km). En cas de participation \u00e0 des sorties organis\u00e9es par d&rsquo;autre club le lieu de rendez-vous et d\u00e9part pourra changer. En cas de mauvais temps, le jour ou l&rsquo;heure de d\u00e9part pourront \u00e9galement changer.<\/p>\n<p>Le mercredi apr\u00e8s-midi au d\u00e9part de Verlhac (durant les heures d&rsquo;\u00e9t\u00e9).<\/p>\n<p>Contacts : E. VIES 06-08-88-63-37 \/ Ch. ESCALETTE 06-84-09-42-99 \/ J.M. SANGLA 05-63-30-34-16<\/p>\n<p><strong>POUR TOUS : ASSEMBLEE GENERALE <\/strong>Le 14\u00a0octobre 2017 A 18H00<br \/>\nVous pouvez \u00e9galement trouver des informations sur le site internet de l&rsquo;association \u00e0 l&rsquo;adresse :<br \/>\n<a href=\"http:\/\/la-belle-montee.clubeo.com.\" target=\"_blank\" rel=\"noopener noreferrer\">http:\/\/la-belle-montee.clubeo.com.<\/a><\/p>\n<p><strong>Contacts<\/strong> : Mail : <a href=\"mailto:la-belle-montee@clubeo.com\">la-belle-montee@clubeo.com <\/a>\u2013 T\u00e9l\u00e9phone : Jean-Marc SANGLA 05-63-30-34-16<\/p>\n<p><em>Information communiqu\u00e9e par\u00a0Jean-Marc SANGLA<\/em><\/p>\n<p><a href=\"https:\/\/www.o-p-i.fr\/parlonsen\/agenda\/\"><strong>Retrouvez tous les \u00e9v\u00e9nements dans l&rsquo;agenda !<\/strong><\/a><\/p>\n","protected":false},"excerpt":{"rendered":"<div class=\"mh-excerpt\">Programme de septembre et octobre 2017<\/div>\n","protected":false},"author":4,"featured_media":0,"comment_status":"open","ping_status":"open","sticky":false,"template":"","format":"standard","meta":{"om_disable_all_campaigns":false,"advanced_seo_description":"","jetpack_seo_html_title":"","jetpack_seo_noindex":false,"_jetpack_memberships_contains_paid_content":false,"footnotes":"","_links_to":"","_links_to_target":""},"categories":[52,34,54,53,2880,2912],"tags":[138,181,2619,2792,2937],"class_list":{"0":"post-33697","1":"post","2":"type-post","3":"status-publish","4":"format-standard","6":"category-parlons-en","7":"category-salvetat","8":"category-loisirs","9":"category-sports","10":"category-n-138-septembre-2017","11":"category-n-139-octobre-2017-numero-de-journal","12":"tag-marche","13":"tag-la-salvetat-belmontet","14":"tag-assemblee-generale","15":"tag-la-belle-montee","16":"tag-cyclisme-sur-route"},"jetpack_featured_media_url":"","views":{"total":0,"cached_at":"","cached_date":1738472939},"jetpack_likes_enabled":true,"jetpack_sharing_enabled":true,"jetpack_shortlink":"https:\/\/wp.me\/pg7Wxj-8Lv","jetpack-related-posts":[],"_links":{"self":[{"href":"https:\/\/www.o-p-i.fr\/parlonsen\/wp-json\/wp\/v2\/posts\/33697","targetHints":{"allow":["GET"]}}],"collection":[{"href":"https:\/\/www.o-p-i.fr\/parlonsen\/wp-json\/wp\/v2\/posts"}],"about":[{"href":"https:\/\/www.o-p-i.fr\/parlonsen\/wp-json\/wp\/v2\/types\/post"}],"author":[{"embeddable":true,"href":"https:\/\/www.o-p-i.fr\/parlonsen\/wp-json\/wp\/v2\/users\/4"}],"replies":[{"embeddable":true,"href":"https:\/\/www.o-p-i.fr\/parlonsen\/wp-json\/wp\/v2\/comments?post=33697"}],"version-history":[{"count":0,"href":"https:\/\/www.o-p-i.fr\/parlonsen\/wp-json\/wp\/v2\/posts\/33697\/revisions"}],"wp:attachment":[{"href":"https:\/\/www.o-p-i.fr\/parlonsen\/wp-json\/wp\/v2\/media?parent=33697"}],"wp:term":[{"taxonomy":"category","embeddable":true,"href":"https:\/\/www.o-p-i.fr\/parlonsen\/wp-json\/wp\/v2\/categories?post=33697"},{"taxonomy":"post_tag","embeddable":true,"href":"https:\/\/www.o-p-i.fr\/parlonsen\/wp-json\/wp\/v2\/tags?post=33697"}],"curies":[{"name":"wp","href":"https:\/\/api.w.org\/{rel}","templated":true}]}}