{"id":33739,"date":"2017-09-25T11:18:19","date_gmt":"2017-09-25T10:18:19","guid":{"rendered":"\/parlonsen\/?p=33739"},"modified":"2017-09-25T11:18:19","modified_gmt":"2017-09-25T10:18:19","slug":"30-ans-damar-ca-se-fete-a-bressols-82","status":"publish","type":"post","link":"https:\/\/www.o-p-i.fr\/parlonsen\/localisation\/a-cote-de-chez-nous\/30-ans-damar-ca-se-fete-a-bressols-82\/","title":{"rendered":"30 ans d&rsquo;AMAR \u00e7a se f\u00eate&#8230;\u00e0 Bressols (82)"},"content":{"rendered":"<p>Le<strong> samedi 30 septembre 2017<\/strong>, \u00e0 la Muse (route de Lavaur \u00e0 Bressols).<!--more--><img data-recalc-dims=\"1\" loading=\"lazy\" decoding=\"async\" class=\"alignright wp-image-33741 size-full\" src=\"https:\/\/i0.wp.com\/www.o-p-i.fr\/parlonsen\/wp-content\/uploads\/amar.jpg?resize=282%2C385&#038;ssl=1\" alt=\"\" width=\"282\" height=\"385\" srcset=\"https:\/\/i0.wp.com\/www.o-p-i.fr\/parlonsen\/wp-content\/uploads\/amar.jpg?w=282&amp;ssl=1 282w, https:\/\/i0.wp.com\/www.o-p-i.fr\/parlonsen\/wp-content\/uploads\/amar.jpg?resize=220%2C300&amp;ssl=1 220w, https:\/\/i0.wp.com\/www.o-p-i.fr\/parlonsen\/wp-content\/uploads\/amar.jpg?resize=110%2C150&amp;ssl=1 110w\" sizes=\"auto, (max-width: 282px) 100vw, 282px\" \/>En 2017,<strong> <a href=\"http:\/\/www.centreamar.org\/\" target=\"_blank\" rel=\"noopener noreferrer\">l\u2019Association Montalbanaise d\u2019 Aide aux R\u00e9fugi\u00e9s<\/a><\/strong> (AMAR) f\u00eate ses 30 ans. A l\u2019occasion de cet anniversaire, elle propose \u00e0 un large public plusieurs rendez-vous festifs<br \/>\nNous vous invitons \u00e0 venir nous rejoindre \u00e0 la Muse \u00e0 Bressols (route de Lavaur) le samedi 30 septembre 2017 :<br \/>\n&#8211; A partir de 18h00 : vernissage de l\u2019exposition de Guillaume Lavit D\u2019Hautefort \u00ab Calais, Terminus nord \u00bb Ecueils d\u2019exils 2012-2017<br \/>\n&#8211; A 20h00 : Documentaire de Maria Kourkouta et Niki Giannari \u00ab Des spectres hantent l\u2019Europe \u00bb (1h39) 2016. Suivi d\u2019un d\u00e9bat avec les associations humanitaires de Calais invit\u00e9es : l\u2019Auberge des migrants et le Secours Catholique<\/p>\n<p>AMAR<br \/>\n24 rue Caussat<br \/>\n82000 MONTAUBAN<br \/>\nTel : 05.63.22.17.00<br \/>\nFax : 05.63.22.17.08<\/p>\n<p><em>Information communiqu\u00e9e par Edwige et Jack<\/em><\/p>\n<p><a href=\"https:\/\/www.o-p-i.fr\/parlonsen\/agenda\/\"><strong>Retrouvez tous les \u00e9v\u00e9nements dans l&rsquo;agenda !<\/strong><\/a><\/p>\n","protected":false},"excerpt":{"rendered":"<div class=\"mh-excerpt\">Le samedi 30 septembre 2017, \u00e0 la Muse (route de Lavaur \u00e0 Bressols).<\/div>\n","protected":false},"author":4,"featured_media":0,"comment_status":"open","ping_status":"open","sticky":false,"template":"","format":"standard","meta":{"om_disable_all_campaigns":false,"advanced_seo_description":"","jetpack_seo_html_title":"","jetpack_seo_noindex":false,"_jetpack_memberships_contains_paid_content":false,"footnotes":"","_links_to":"","_links_to_target":""},"categories":[52,42,290,291,2880],"tags":[83,172,2040,2692,2943],"class_list":{"0":"post-33739","1":"post","2":"type-post","3":"status-publish","4":"format-standard","6":"category-parlons-en","7":"category-a-cote-de-chez-nous","8":"category-entraide","9":"category-solidarite","10":"category-n-138-septembre-2017","11":"tag-anniversaire","12":"tag-exposition","13":"tag-bressols","14":"tag-film-documentaire","15":"tag-amar"},"jetpack_featured_media_url":"","views":{"total":0,"cached_at":"","cached_date":1738497232},"jetpack_likes_enabled":true,"jetpack_sharing_enabled":true,"jetpack_shortlink":"https:\/\/wp.me\/pg7Wxj-8Mb","jetpack-related-posts":[],"_links":{"self":[{"href":"https:\/\/www.o-p-i.fr\/parlonsen\/wp-json\/wp\/v2\/posts\/33739","targetHints":{"allow":["GET"]}}],"collection":[{"href":"https:\/\/www.o-p-i.fr\/parlonsen\/wp-json\/wp\/v2\/posts"}],"about":[{"href":"https:\/\/www.o-p-i.fr\/parlonsen\/wp-json\/wp\/v2\/types\/post"}],"author":[{"embeddable":true,"href":"https:\/\/www.o-p-i.fr\/parlonsen\/wp-json\/wp\/v2\/users\/4"}],"replies":[{"embeddable":true,"href":"https:\/\/www.o-p-i.fr\/parlonsen\/wp-json\/wp\/v2\/comments?post=33739"}],"version-history":[{"count":0,"href":"https:\/\/www.o-p-i.fr\/parlonsen\/wp-json\/wp\/v2\/posts\/33739\/revisions"}],"wp:attachment":[{"href":"https:\/\/www.o-p-i.fr\/parlonsen\/wp-json\/wp\/v2\/media?parent=33739"}],"wp:term":[{"taxonomy":"category","embeddable":true,"href":"https:\/\/www.o-p-i.fr\/parlonsen\/wp-json\/wp\/v2\/categories?post=33739"},{"taxonomy":"post_tag","embeddable":true,"href":"https:\/\/www.o-p-i.fr\/parlonsen\/wp-json\/wp\/v2\/tags?post=33739"}],"curies":[{"name":"wp","href":"https:\/\/api.w.org\/{rel}","templated":true}]}}