{"id":33744,"date":"2017-09-25T11:53:34","date_gmt":"2017-09-25T10:53:34","guid":{"rendered":"\/parlonsen\/?p=33744"},"modified":"2017-09-25T11:53:34","modified_gmt":"2017-09-25T10:53:34","slug":"a-la-decouverte-des-plantes-sauvages-a-couffouleux-81","status":"publish","type":"post","link":"https:\/\/www.o-p-i.fr\/parlonsen\/parlons-en\/pratique\/a-la-decouverte-des-plantes-sauvages-a-couffouleux-81\/","title":{"rendered":"A la d\u00e9couverte des plantes sauvages&#8230;\u00e0 Couffouleux (81)"},"content":{"rendered":"<p><strong>Samedi 14 octobre 2017<\/strong>,\u00a0journ\u00e9e plantes sauvages.<!--more--><\/p>\n<p><img data-recalc-dims=\"1\" loading=\"lazy\" decoding=\"async\" class=\"alignright wp-image-33746\" src=\"https:\/\/i0.wp.com\/www.o-p-i.fr\/parlonsen\/wp-content\/uploads\/PLANTES-SAUVAGES.jpg?resize=447%2C250&#038;ssl=1\" alt=\"\" width=\"447\" height=\"250\" srcset=\"https:\/\/i0.wp.com\/www.o-p-i.fr\/parlonsen\/wp-content\/uploads\/PLANTES-SAUVAGES.jpg?resize=300%2C168&amp;ssl=1 300w, https:\/\/i0.wp.com\/www.o-p-i.fr\/parlonsen\/wp-content\/uploads\/PLANTES-SAUVAGES.jpg?resize=150%2C84&amp;ssl=1 150w, https:\/\/i0.wp.com\/www.o-p-i.fr\/parlonsen\/wp-content\/uploads\/PLANTES-SAUVAGES.jpg?w=340&amp;ssl=1 340w\" sizes=\"auto, (max-width: 447px) 100vw, 447px\" \/>Stage:\u00a0une journ\u00e9e pour se familiariser avec les plantes sauvages,<br \/>\nreconnaissance botanique (plantes m\u00e9dicinales, sauvages, culinaires, aromatiques)<\/p>\n<ul>\n<li><strong>le matin<\/strong> : Monique vous accompagne lors d&rsquo;une balade dans la nature, pour apprendre \u00e0 reconna\u00eetre les plantes qui nous entourent, les observer, les sentir, les toucher, les gouter, les cueillir dans le respect de la nature<\/li>\n<li>repas de midi : auberge espagnole<\/li>\n<li><strong>l&rsquo;apr\u00e8s-midi<\/strong> : transformation des plantes , r\u00e9alisation d&rsquo;un onguent, Monique vous expliquera comment r\u00e9aliser :teintures m\u00e8res,huiles de mac\u00e9ration solaire, tisanes,..bouturage des plantes et r\u00e9pondra \u00e0 toutes vos questions sur les plantes. Sur place vous pourrez consulter des livres sur les plantes sauvages et la cuisine des plantes sauvages<\/li>\n<\/ul>\n<p>Contact inscription:Viviane au 06 87 11 29 74<\/p>\n<p>Tarifs : 40 \u20acuros<\/p>\n<p><strong> Organisateur : <\/strong><a href=\"http:\/\/www.net1901.org\/association\/ODE-A-SOI.E,1318675.html\" target=\"_blank\" rel=\"noopener noreferrer\">association \u00d4de \u00e0 soi.e<br \/>\n<\/a>Courriel : <a href=\"mailto:ode-a-soi.e@orange.fr\">ode-a-soi.e@orange.fr<br \/>\n<\/a><br \/>\n<em>Information communiqu\u00e9e par Viviane\u00a0MASSOL<\/em><\/p>\n<p><a href=\"https:\/\/www.o-p-i.fr\/parlonsen\/agenda\/\"><strong>Retrouvez tous les \u00e9v\u00e9nements dans l&rsquo;agenda !<\/strong><\/a><\/p>\n","protected":false},"excerpt":{"rendered":"<div class=\"mh-excerpt\">Samedi 14 octobre 2017,\u00a0journ\u00e9e plantes sauvages.<\/div>\n","protected":false},"author":4,"featured_media":0,"comment_status":"open","ping_status":"open","sticky":false,"template":"","format":"standard","meta":{"om_disable_all_campaigns":false,"advanced_seo_description":"","jetpack_seo_html_title":"","jetpack_seo_noindex":false,"_jetpack_memberships_contains_paid_content":false,"footnotes":"","_links_to":"","_links_to_target":""},"categories":[52,42,55,725,58,6,2912],"tags":[148,195,2944],"class_list":{"0":"post-33744","1":"post","2":"type-post","3":"status-publish","4":"format-standard","6":"category-parlons-en","7":"category-a-cote-de-chez-nous","8":"category-environnement","9":"category-formation-parlons-en","10":"category-sante","11":"category-pratique","12":"category-n-139-octobre-2017-numero-de-journal","13":"tag-couffouleux","14":"tag-stage","15":"tag-pantes-sauvages"},"jetpack_featured_media_url":"","views":{"total":0,"cached_at":"","cached_date":1738343768},"jetpack_likes_enabled":true,"jetpack_sharing_enabled":true,"jetpack_shortlink":"https:\/\/wp.me\/pg7Wxj-8Mg","jetpack-related-posts":[],"_links":{"self":[{"href":"https:\/\/www.o-p-i.fr\/parlonsen\/wp-json\/wp\/v2\/posts\/33744","targetHints":{"allow":["GET"]}}],"collection":[{"href":"https:\/\/www.o-p-i.fr\/parlonsen\/wp-json\/wp\/v2\/posts"}],"about":[{"href":"https:\/\/www.o-p-i.fr\/parlonsen\/wp-json\/wp\/v2\/types\/post"}],"author":[{"embeddable":true,"href":"https:\/\/www.o-p-i.fr\/parlonsen\/wp-json\/wp\/v2\/users\/4"}],"replies":[{"embeddable":true,"href":"https:\/\/www.o-p-i.fr\/parlonsen\/wp-json\/wp\/v2\/comments?post=33744"}],"version-history":[{"count":0,"href":"https:\/\/www.o-p-i.fr\/parlonsen\/wp-json\/wp\/v2\/posts\/33744\/revisions"}],"wp:attachment":[{"href":"https:\/\/www.o-p-i.fr\/parlonsen\/wp-json\/wp\/v2\/media?parent=33744"}],"wp:term":[{"taxonomy":"category","embeddable":true,"href":"https:\/\/www.o-p-i.fr\/parlonsen\/wp-json\/wp\/v2\/categories?post=33744"},{"taxonomy":"post_tag","embeddable":true,"href":"https:\/\/www.o-p-i.fr\/parlonsen\/wp-json\/wp\/v2\/tags?post=33744"}],"curies":[{"name":"wp","href":"https:\/\/api.w.org\/{rel}","templated":true}]}}