{"id":33816,"date":"2017-10-03T19:27:16","date_gmt":"2017-10-03T18:27:16","guid":{"rendered":"\/parlonsen\/?p=33816"},"modified":"2017-10-03T19:47:57","modified_gmt":"2017-10-03T18:47:57","slug":"concert-de-musiques-sacrees-a-monclar-de-quercy-82","status":"publish","type":"post","link":"https:\/\/www.o-p-i.fr\/parlonsen\/parlons-en\/culture\/concert-de-musiques-sacrees-a-monclar-de-quercy-82\/","title":{"rendered":"Concert de Musiques Sacr\u00e9es&#8230;\u00e0 Monclar de Quercy (82)"},"content":{"rendered":"<p>Le <strong>samedi 7 octobre 2017<\/strong>, \u00e0 21 h. en\u00a0l\u2019\u00c9glise de Monclar.<!--more--><\/p>\n<p>Le <strong>Ch\u0153ur de la Cath\u00e9drale de Montauban<\/strong> donnera un concert exceptionnel en l\u2019\u00c9glise Notre Dame de l\u2019Assomption de Monclar-de-Quercy, sous la direction d&rsquo;Henri DASSE, \u00e0 l&rsquo;orgue Bernard LABORDE.<br \/>\n<img data-recalc-dims=\"1\" loading=\"lazy\" decoding=\"async\" class=\"aligncenter wp-image-33817\" src=\"https:\/\/i0.wp.com\/www.o-p-i.fr\/parlonsen\/wp-content\/uploads\/CHOEUR-MONTAUBAN.jpg?resize=730%2C171&#038;ssl=1\" alt=\"\" width=\"730\" height=\"171\" srcset=\"https:\/\/i0.wp.com\/www.o-p-i.fr\/parlonsen\/wp-content\/uploads\/CHOEUR-MONTAUBAN.jpg?w=709&amp;ssl=1 709w, https:\/\/i0.wp.com\/www.o-p-i.fr\/parlonsen\/wp-content\/uploads\/CHOEUR-MONTAUBAN.jpg?resize=300%2C70&amp;ssl=1 300w, https:\/\/i0.wp.com\/www.o-p-i.fr\/parlonsen\/wp-content\/uploads\/CHOEUR-MONTAUBAN.jpg?resize=150%2C35&amp;ssl=1 150w, https:\/\/i0.wp.com\/www.o-p-i.fr\/parlonsen\/wp-content\/uploads\/CHOEUR-MONTAUBAN.jpg?resize=400%2C94&amp;ssl=1 400w\" sizes=\"auto, (max-width: 730px) 100vw, 730px\" \/><\/p>\n<ul>\n<li>Ce concert sera consacr\u00e9 \u00e0 des \u0153uvres vocales polyphoniques repr\u00e9sentatives de l\u2019immense et magnifique patrimoine musical de musique sacr\u00e9e constitu\u00e9 au cours des si\u00e8cles par les plus grands compositeurs. Bach, Mozart, Schubert, Rameau, Mendelssohn, Gounod, C\u00e9sar Franck sont au programme qui comportera \u00e9galement une \u0153uvre importante consid\u00e9r\u00e9e comme un des sommets de la musique sacr\u00e9e, le Requiem de Luigi Cherubini. Compos\u00e9 en 181,6 \u00e0 la demande de Louis XVIII pour l\u2019anniversaire \u00e0 Saint Denis de l\u2019ex\u00e9cution de Louis XVI, ce Requiem a suscit\u00e9 l\u2019admiration de Beethoven qui l\u2019a jug\u00e9 comme \u00ab\u00a0un mod\u00e8le du genre\u00a0\u00bb, sup\u00e9rieur \u00e0 celui de Mozart\u00a0!<\/li>\n<li>Cr\u00e9\u00e9 il a douze ans, le Ch\u0153ur de la Cath\u00e9drale de Montauban a atteint une maturit\u00e9 et une qualit\u00e9 qui lui permettent aujourd\u2019hui\u00a0 de faire entendre et souvent d\u00e9couvrir les plus belles \u0153uvres de la musique sacr\u00e9e \u00e0 un large public, puisqu\u2019il donne r\u00e9guli\u00e8rement des concerts \u00e0 Montauban mais aussi dans les \u00e9glises du Tarn-et-Garonne et de la r\u00e9gion toulousaine. Sa venue \u00e0 Monclar est une premi\u00e8re dans cette partie du d\u00e9partement et devrait attirer un large public curieux de d\u00e9couvrir les chefs-d\u2019\u0153uvre qui lui seront pr\u00e9sent\u00e9s.<\/li>\n<\/ul>\n<p>Une participation aux frais de 10 euros sera demand\u00e9e \u00e0 l\u2019entr\u00e9e qui sera gratuite pour les jeunes de moins de 18 ans.<\/p>\n<p><em>Information communiqu\u00e9e par Henri DASSE<\/em><\/p>\n<p><a href=\"https:\/\/www.o-p-i.fr\/parlonsen\/agenda\/\"><strong>Retrouvez tous les \u00e9v\u00e9nements dans l&rsquo;agenda !<\/strong><\/a><\/p>\n","protected":false},"excerpt":{"rendered":"<div class=\"mh-excerpt\">Le samedi 7 octobre 2017, \u00e0 21 h. en\u00a0l\u2019\u00c9glise de Monclar.<\/div>\n","protected":false},"author":4,"featured_media":0,"comment_status":"open","ping_status":"open","sticky":false,"template":"","format":"standard","meta":{"om_disable_all_campaigns":false,"advanced_seo_description":"","jetpack_seo_html_title":"","jetpack_seo_noindex":false,"_jetpack_memberships_contains_paid_content":false,"footnotes":"","_links_to":"","_links_to_target":""},"categories":[1,15,16,54,2912],"tags":[143,873,2900,43],"class_list":{"0":"post-33816","1":"post","2":"type-post","3":"status-publish","4":"format-standard","6":"category-culture","7":"category-localisation","8":"category-monclar","9":"category-loisirs","10":"category-n-139-octobre-2017-numero-de-journal","11":"tag-monclar-de-quercy","12":"tag-eglise","13":"tag-chants-polyphoniques","14":"tag-concert"},"jetpack_featured_media_url":"","views":{"total":1,"cached_at":"","cached_date":1738467254},"jetpack_likes_enabled":true,"jetpack_sharing_enabled":true,"jetpack_shortlink":"https:\/\/wp.me\/pg7Wxj-8Nq","jetpack-related-posts":[],"_links":{"self":[{"href":"https:\/\/www.o-p-i.fr\/parlonsen\/wp-json\/wp\/v2\/posts\/33816","targetHints":{"allow":["GET"]}}],"collection":[{"href":"https:\/\/www.o-p-i.fr\/parlonsen\/wp-json\/wp\/v2\/posts"}],"about":[{"href":"https:\/\/www.o-p-i.fr\/parlonsen\/wp-json\/wp\/v2\/types\/post"}],"author":[{"embeddable":true,"href":"https:\/\/www.o-p-i.fr\/parlonsen\/wp-json\/wp\/v2\/users\/4"}],"replies":[{"embeddable":true,"href":"https:\/\/www.o-p-i.fr\/parlonsen\/wp-json\/wp\/v2\/comments?post=33816"}],"version-history":[{"count":0,"href":"https:\/\/www.o-p-i.fr\/parlonsen\/wp-json\/wp\/v2\/posts\/33816\/revisions"}],"wp:attachment":[{"href":"https:\/\/www.o-p-i.fr\/parlonsen\/wp-json\/wp\/v2\/media?parent=33816"}],"wp:term":[{"taxonomy":"category","embeddable":true,"href":"https:\/\/www.o-p-i.fr\/parlonsen\/wp-json\/wp\/v2\/categories?post=33816"},{"taxonomy":"post_tag","embeddable":true,"href":"https:\/\/www.o-p-i.fr\/parlonsen\/wp-json\/wp\/v2\/tags?post=33816"}],"curies":[{"name":"wp","href":"https:\/\/api.w.org\/{rel}","templated":true}]}}