{"id":33869,"date":"2017-10-05T18:05:34","date_gmt":"2017-10-05T17:05:34","guid":{"rendered":"\/parlonsen\/?p=33869"},"modified":"2017-10-05T18:08:51","modified_gmt":"2017-10-05T17:08:51","slug":"concert-mena-bruch-a-salvagnac-81","status":"publish","type":"post","link":"https:\/\/www.o-p-i.fr\/parlonsen\/parlons-en\/culture\/concert-mena-bruch-a-salvagnac-81\/","title":{"rendered":"Concert \u00ab\u00a0MENA BRUCH\u00a0\u00bb&#8230;\u00e0 Salvagnac (81)"},"content":{"rendered":"<p><strong>Samedi\u00a07\u00a0octobre 2017<\/strong>,\u00a0\u00a0d\u00e8s 19H30, au Galetas (ancien presbyt\u00e8re)<!--more--><br \/>\n<img data-recalc-dims=\"1\" loading=\"lazy\" decoding=\"async\" class=\"alignright size-full wp-image-33870\" src=\"https:\/\/i0.wp.com\/www.o-p-i.fr\/parlonsen\/wp-content\/uploads\/Galetas.jpg?resize=600%2C412&#038;ssl=1\" alt=\"\" width=\"600\" height=\"412\" srcset=\"https:\/\/i0.wp.com\/www.o-p-i.fr\/parlonsen\/wp-content\/uploads\/Galetas.jpg?w=600&amp;ssl=1 600w, https:\/\/i0.wp.com\/www.o-p-i.fr\/parlonsen\/wp-content\/uploads\/Galetas.jpg?resize=300%2C206&amp;ssl=1 300w, https:\/\/i0.wp.com\/www.o-p-i.fr\/parlonsen\/wp-content\/uploads\/Galetas.jpg?resize=150%2C103&amp;ssl=1 150w, https:\/\/i0.wp.com\/www.o-p-i.fr\/parlonsen\/wp-content\/uploads\/Galetas.jpg?resize=400%2C275&amp;ssl=1 400w\" sizes=\"auto, (max-width: 600px) 100vw, 600px\" \/>Concert \u00e0\u00a021H00 : 7,50 \u20ac (GRATUIT POUR LES -10 ANS)<br \/>\nRepas maison (SUR R\u00c9SERVATION) \u00c0 19H30 : 7,50 \u20ac (5,00 \u20ac POUR LES -10 ANS)<br \/>\n<strong>R\u00c9SERVATION OBLIGATOIRE POUR LE REPAS AU : 06 78 30 92 81<\/strong><\/p>\n<p>MENA BRUCH<br \/>\nChant Occitan Ragg\u00e0<br \/>\nG. Surpas, S. Girard &amp; V. Frachet<br \/>\nDe caf\u00e9s concerts en festivals, MENA BRUCH (traduction de l&rsquo;occitan : qui am\u00e8ne le bruit) partage avec le public depuis bient\u00f4t 4 ans, sa singularit\u00e9 sonore, m\u00e9lange de multiples influences (ragga, rap, rock, chanson fran\u00e7aise, occitane, br\u00e9silienne&#8230;) Soutenues par l&rsquo;accord\u00e9on, la guitare, le saxophone et les percussions, les voix s&rsquo;harmonisent, se posent dans une transe bourdonnante, puis s&rsquo;envolent, s&rsquo;enragent, s&rsquo;engagent hors des sentiers traditionnels vers des rythmes et des chants \u00e0 l&rsquo;\u00e9nergie festive.<\/p>\n<p>Pour voir la programmation 2017\/2018 du Galetas,<strong> <a href=\"http:\/\/le-galetas-salvagnac.com\/programmation.html\" target=\"_blank\" rel=\"noopener noreferrer\">Cliquez ici<\/a><\/strong><\/p>\n<p><em>Information communiqu\u00e9e par l&rsquo;\u00e9quipe du Galetas<\/em><br \/>\n<a href=\"https:\/\/www.o-p-i.fr\/parlonsen\/agenda\/\"><strong>Retrouvez tous les \u00e9v\u00e9nements dans l&rsquo;agenda !<\/strong><\/a><\/p>\n","protected":false},"excerpt":{"rendered":"<div class=\"mh-excerpt\">Samedi\u00a07\u00a0octobre 2017,\u00a0\u00a0d\u00e8s 19H30, au Galetas (ancien presbyt\u00e8re)<\/div>\n","protected":false},"author":4,"featured_media":0,"comment_status":"open","ping_status":"open","sticky":false,"template":"","format":"standard","meta":{"om_disable_all_campaigns":false,"advanced_seo_description":"","jetpack_seo_html_title":"","jetpack_seo_noindex":false,"_jetpack_memberships_contains_paid_content":false,"footnotes":"","_links_to":"","_links_to_target":""},"categories":[1,54,25,2912],"tags":[43,2548,1319,2641],"class_list":{"0":"post-33869","1":"post","2":"type-post","3":"status-publish","4":"format-standard","6":"category-culture","7":"category-loisirs","8":"category-salvagnac","9":"category-n-139-octobre-2017-numero-de-journal","10":"tag-concert","11":"tag-salvagnac","12":"tag-le-galetas","13":"tag-repas-concert"},"jetpack_featured_media_url":"","views":{"total":0,"cached_at":"","cached_date":1738410715},"jetpack_likes_enabled":true,"jetpack_sharing_enabled":true,"jetpack_shortlink":"https:\/\/wp.me\/pg7Wxj-8Oh","jetpack-related-posts":[],"_links":{"self":[{"href":"https:\/\/www.o-p-i.fr\/parlonsen\/wp-json\/wp\/v2\/posts\/33869","targetHints":{"allow":["GET"]}}],"collection":[{"href":"https:\/\/www.o-p-i.fr\/parlonsen\/wp-json\/wp\/v2\/posts"}],"about":[{"href":"https:\/\/www.o-p-i.fr\/parlonsen\/wp-json\/wp\/v2\/types\/post"}],"author":[{"embeddable":true,"href":"https:\/\/www.o-p-i.fr\/parlonsen\/wp-json\/wp\/v2\/users\/4"}],"replies":[{"embeddable":true,"href":"https:\/\/www.o-p-i.fr\/parlonsen\/wp-json\/wp\/v2\/comments?post=33869"}],"version-history":[{"count":0,"href":"https:\/\/www.o-p-i.fr\/parlonsen\/wp-json\/wp\/v2\/posts\/33869\/revisions"}],"wp:attachment":[{"href":"https:\/\/www.o-p-i.fr\/parlonsen\/wp-json\/wp\/v2\/media?parent=33869"}],"wp:term":[{"taxonomy":"category","embeddable":true,"href":"https:\/\/www.o-p-i.fr\/parlonsen\/wp-json\/wp\/v2\/categories?post=33869"},{"taxonomy":"post_tag","embeddable":true,"href":"https:\/\/www.o-p-i.fr\/parlonsen\/wp-json\/wp\/v2\/tags?post=33869"}],"curies":[{"name":"wp","href":"https:\/\/api.w.org\/{rel}","templated":true}]}}