{"id":34045,"date":"2017-10-23T16:06:55","date_gmt":"2017-10-23T15:06:55","guid":{"rendered":"\/parlonsen\/?p=34045"},"modified":"2017-10-23T16:06:55","modified_gmt":"2017-10-23T15:06:55","slug":"concerto-pour-2-clowns-a-lavaur-81","status":"publish","type":"post","link":"https:\/\/www.o-p-i.fr\/parlonsen\/localisation\/a-cote-de-chez-nous\/concerto-pour-2-clowns-a-lavaur-81\/","title":{"rendered":"\u00ab Concerto pour 2 clowns \u00bb &#8230;\u00e0 Lavaur (81)"},"content":{"rendered":"<p>A la Halle d&rsquo;Occitanie le <strong>samedi 4 novembre 2017<\/strong> \u00e0 21h00<!--more--><\/p>\n<p><img data-recalc-dims=\"1\" loading=\"lazy\" decoding=\"async\" class=\"alignright size-medium wp-image-34046\" src=\"https:\/\/i0.wp.com\/www.o-p-i.fr\/parlonsen\/wp-content\/uploads\/2-clowns.jpg?resize=212%2C300&#038;ssl=1\" alt=\"\" width=\"212\" height=\"300\" srcset=\"https:\/\/i0.wp.com\/www.o-p-i.fr\/parlonsen\/wp-content\/uploads\/2-clowns.jpg?resize=212%2C300&amp;ssl=1 212w, https:\/\/i0.wp.com\/www.o-p-i.fr\/parlonsen\/wp-content\/uploads\/2-clowns.jpg?resize=106%2C150&amp;ssl=1 106w, https:\/\/i0.wp.com\/www.o-p-i.fr\/parlonsen\/wp-content\/uploads\/2-clowns.jpg?resize=400%2C566&amp;ssl=1 400w, https:\/\/i0.wp.com\/www.o-p-i.fr\/parlonsen\/wp-content\/uploads\/2-clowns.jpg?w=469&amp;ssl=1 469w\" sizes=\"auto, (max-width: 212px) 100vw, 212px\" \/>Elle joue de l\u2019alto et du salto. Lui titube encombr\u00e9 d\u2019un tuba. Elle est poudr\u00e9e \u00e0 frimas telle une petite marquise en porcelaine de Saxe.<\/p>\n<p>Il arbore une bonne trogne de clown, nez patate, maquillage outrancier. Elle, Julia Moa Caprez. Lui, Igor Sellem.<\/p>\n<p>Musiciens, acrobates, mimes, ils forment un duo tout en po\u00e9sie et en finesse.<\/p>\n<p>Ce concerto pour deux clowns que tout oppose, fusionne gr\u00e2ce \u00e0 une partition musicale et corporelle de haute vol\u00e9e. Dans la salle on rit beaucoup, on s&rsquo;\u00e9meut, on s\u2019enthousiasme au rythme de Vivaldi, Strauss ou Bach.<\/p>\n<p>Depuis 2008, la <strong><a href=\"http:\/\/www.lesroisvagabonds.com\/compagnie.html\" target=\"_blank\" rel=\"noopener noreferrer\">\u00ab Compagnie Les Rois vagabonds \u00bb<\/a> <\/strong>d\u00e9veloppent l\u2019histoire de leur duo \u00e0 travers la recherche d\u2019un langage universel, sans parole.<\/p>\n<p>Et ils s\u2019inscrivent dans la tradition des clowns qui, tels les embl\u00e9matiques Grock, Buffo ou Slava, font \u00e9voluer leur spectacle tout au long de leur vie.<\/p>\n<p>Succ\u00e8s au Festival Off d\u2019Avignon 2013 (prix du Public), Eclats est heureux de vous faire d\u00e9couvrir ce spectacle gr\u00e2ce \u00e0 un partenariat avec la Sc\u00e8ne Nationale d\u2019Albi.<\/p>\n<p>Pour des raisons techniques, nous vous accueillerons sous la Halle d\u2019Occitanie pour cette soir\u00e9e exceptionnelle.<\/p>\n<p><em>\u00ab Nous sommes musiciens, acrobates, mimes, mais c\u2019est le public qui nous fait clowns. \u00bb disent Igor et Julia.<\/em><\/p>\n<p>Venez vous aussi le samedi 4 Novembre, \u00e0 21H, \u00e0 Lavaur participer \u00e0 cette transformation.<\/p>\n<p>P.S. Pour ceux qui ne sont pas disponibles samedi,\u00a0 spectacle \u00e9galement au Forum \u00e0 Graulhet le vendredi 3 novembre \u00e0 20h.30<\/p>\n<p><em>Information communiqu\u00e9e par\u00a0Fr\u00e9d\u00e9ric MERCIER-HANDISYDE<\/em><br \/>\n<a href=\"https:\/\/www.o-p-i.fr\/parlonsen\/agenda\/\"><strong>Retrouvez tous les \u00e9v\u00e9nements dans l&rsquo;agenda !<\/strong><\/a><\/p>\n","protected":false},"excerpt":{"rendered":"<div class=\"mh-excerpt\">A la Halle d&rsquo;Occitanie le samedi 4 novembre 2017 \u00e0 21h00<\/div>\n","protected":false},"author":4,"featured_media":0,"comment_status":"open","ping_status":"open","sticky":false,"template":"","format":"standard","meta":{"om_disable_all_campaigns":false,"advanced_seo_description":"","jetpack_seo_html_title":"","jetpack_seo_noindex":false,"_jetpack_memberships_contains_paid_content":false,"footnotes":"","_links_to":"","_links_to_target":""},"categories":[42,54,2950],"tags":[57,239,420,1745],"class_list":{"0":"post-34045","1":"post","2":"type-post","3":"status-publish","4":"format-standard","6":"category-a-cote-de-chez-nous","7":"category-loisirs","8":"category-n-140-novembre-2017","9":"tag-theatre","10":"tag-lavaur","11":"tag-graulhet","12":"tag-theatre-clownesque"},"jetpack_featured_media_url":"","views":{"total":0,"cached_at":"","cached_date":1738523418},"jetpack_likes_enabled":true,"jetpack_sharing_enabled":true,"jetpack_shortlink":"https:\/\/wp.me\/pg7Wxj-8R7","jetpack-related-posts":[],"_links":{"self":[{"href":"https:\/\/www.o-p-i.fr\/parlonsen\/wp-json\/wp\/v2\/posts\/34045","targetHints":{"allow":["GET"]}}],"collection":[{"href":"https:\/\/www.o-p-i.fr\/parlonsen\/wp-json\/wp\/v2\/posts"}],"about":[{"href":"https:\/\/www.o-p-i.fr\/parlonsen\/wp-json\/wp\/v2\/types\/post"}],"author":[{"embeddable":true,"href":"https:\/\/www.o-p-i.fr\/parlonsen\/wp-json\/wp\/v2\/users\/4"}],"replies":[{"embeddable":true,"href":"https:\/\/www.o-p-i.fr\/parlonsen\/wp-json\/wp\/v2\/comments?post=34045"}],"version-history":[{"count":0,"href":"https:\/\/www.o-p-i.fr\/parlonsen\/wp-json\/wp\/v2\/posts\/34045\/revisions"}],"wp:attachment":[{"href":"https:\/\/www.o-p-i.fr\/parlonsen\/wp-json\/wp\/v2\/media?parent=34045"}],"wp:term":[{"taxonomy":"category","embeddable":true,"href":"https:\/\/www.o-p-i.fr\/parlonsen\/wp-json\/wp\/v2\/categories?post=34045"},{"taxonomy":"post_tag","embeddable":true,"href":"https:\/\/www.o-p-i.fr\/parlonsen\/wp-json\/wp\/v2\/tags?post=34045"}],"curies":[{"name":"wp","href":"https:\/\/api.w.org\/{rel}","templated":true}]}}