{"id":34066,"date":"2017-10-25T22:16:45","date_gmt":"2017-10-25T21:16:45","guid":{"rendered":"\/parlonsen\/?p=34066"},"modified":"2017-10-25T22:19:40","modified_gmt":"2017-10-25T21:19:40","slug":"repas-du-secours-catholique-a-montgaillard-81","status":"publish","type":"post","link":"https:\/\/www.o-p-i.fr\/parlonsen\/localisation\/au-pays-des-tescous\/montgaillard\/repas-du-secours-catholique-a-montgaillard-81\/","title":{"rendered":"Repas du Secours Catholique&#8230; \u00e0 Montgaillard (81)"},"content":{"rendered":"<p><strong>Dimanche 19 novembre 2017<\/strong>, \u00e0 midi \u00e0 la salle des f\u00eates.<br \/>\n<!--more--><\/p>\n<p><img data-recalc-dims=\"1\" loading=\"lazy\" decoding=\"async\" class=\"aligncenter size-full wp-image-34067\" src=\"https:\/\/i0.wp.com\/www.o-p-i.fr\/parlonsen\/wp-content\/uploads\/Sec-catho.jpg?resize=595%2C842&#038;ssl=1\" alt=\"\" width=\"595\" height=\"842\" srcset=\"https:\/\/i0.wp.com\/www.o-p-i.fr\/parlonsen\/wp-content\/uploads\/Sec-catho.jpg?w=595&amp;ssl=1 595w, https:\/\/i0.wp.com\/www.o-p-i.fr\/parlonsen\/wp-content\/uploads\/Sec-catho.jpg?resize=212%2C300&amp;ssl=1 212w, https:\/\/i0.wp.com\/www.o-p-i.fr\/parlonsen\/wp-content\/uploads\/Sec-catho.jpg?resize=106%2C150&amp;ssl=1 106w, https:\/\/i0.wp.com\/www.o-p-i.fr\/parlonsen\/wp-content\/uploads\/Sec-catho.jpg?resize=400%2C566&amp;ssl=1 400w\" sizes=\"auto, (max-width: 595px) 100vw, 595px\" \/><\/p>\n<p><em>Information communiqu\u00e9e par Charlotte SOHY<\/em><\/p>\n<p><a href=\"https:\/\/www.o-p-i.fr\/parlonsen\/agenda\/\"><strong>Retrouvez tous les \u00e9v\u00e9nements dans l&rsquo;agenda !<\/strong><\/a><\/p>\n","protected":false},"excerpt":{"rendered":"<div class=\"mh-excerpt\">Dimanche 19 novembre 2017, \u00e0 midi \u00e0 la salle des f\u00eates.<\/div>\n","protected":false},"author":4,"featured_media":0,"comment_status":"open","ping_status":"open","sticky":false,"template":"","format":"standard","meta":{"om_disable_all_campaigns":false,"advanced_seo_description":"","jetpack_seo_html_title":"","jetpack_seo_noindex":false,"_jetpack_memberships_contains_paid_content":false,"footnotes":"","_links_to":"","_links_to_target":""},"categories":[54,31,291,2950],"tags":[157,2554,2508],"class_list":{"0":"post-34066","1":"post","2":"type-post","3":"status-publish","4":"format-standard","6":"category-loisirs","7":"category-montgaillard","8":"category-solidarite","9":"category-n-140-novembre-2017","10":"tag-repas","11":"tag-montgaillard","12":"tag-secours-catholique"},"jetpack_featured_media_url":"","views":{"total":0,"cached_at":"","cached_date":1738448278},"jetpack_likes_enabled":true,"jetpack_sharing_enabled":true,"jetpack_shortlink":"https:\/\/wp.me\/pg7Wxj-8Rs","jetpack-related-posts":[],"_links":{"self":[{"href":"https:\/\/www.o-p-i.fr\/parlonsen\/wp-json\/wp\/v2\/posts\/34066","targetHints":{"allow":["GET"]}}],"collection":[{"href":"https:\/\/www.o-p-i.fr\/parlonsen\/wp-json\/wp\/v2\/posts"}],"about":[{"href":"https:\/\/www.o-p-i.fr\/parlonsen\/wp-json\/wp\/v2\/types\/post"}],"author":[{"embeddable":true,"href":"https:\/\/www.o-p-i.fr\/parlonsen\/wp-json\/wp\/v2\/users\/4"}],"replies":[{"embeddable":true,"href":"https:\/\/www.o-p-i.fr\/parlonsen\/wp-json\/wp\/v2\/comments?post=34066"}],"version-history":[{"count":0,"href":"https:\/\/www.o-p-i.fr\/parlonsen\/wp-json\/wp\/v2\/posts\/34066\/revisions"}],"wp:attachment":[{"href":"https:\/\/www.o-p-i.fr\/parlonsen\/wp-json\/wp\/v2\/media?parent=34066"}],"wp:term":[{"taxonomy":"category","embeddable":true,"href":"https:\/\/www.o-p-i.fr\/parlonsen\/wp-json\/wp\/v2\/categories?post=34066"},{"taxonomy":"post_tag","embeddable":true,"href":"https:\/\/www.o-p-i.fr\/parlonsen\/wp-json\/wp\/v2\/tags?post=34066"}],"curies":[{"name":"wp","href":"https:\/\/api.w.org\/{rel}","templated":true}]}}