{"id":34112,"date":"2017-11-02T12:35:01","date_gmt":"2017-11-02T11:35:01","guid":{"rendered":"\/parlonsen\/?p=34112"},"modified":"2017-11-02T12:35:01","modified_gmt":"2017-11-02T11:35:01","slug":"expo-veronique-matteudi-a-lisle-sur-tarn-81","status":"publish","type":"post","link":"https:\/\/www.o-p-i.fr\/parlonsen\/localisation\/a-cote-de-chez-nous\/expo-veronique-matteudi-a-lisle-sur-tarn-81\/","title":{"rendered":"Expo V\u00e9ronique Matteudi&#8230;\u00e0 Lisle sur Tarn (81)"},"content":{"rendered":"<p>Du <strong>3 novembre au 31 d\u00e9cembre 2017<\/strong>, \u00ab\u00a0L&rsquo;Embarcad\u00e8re\u00a0\u00bb accueille des \u0153uvres de\u00a0 V\u00e9ronique Matteudi.<!--more--><img data-recalc-dims=\"1\" loading=\"lazy\" decoding=\"async\" class=\"alignright wp-image-34113 size-medium\" src=\"https:\/\/i0.wp.com\/www.o-p-i.fr\/parlonsen\/wp-content\/uploads\/V%C3%A9ronique-MATTEUDI.jpg?resize=247%2C300&#038;ssl=1\" alt=\"\" width=\"247\" height=\"300\" srcset=\"https:\/\/i0.wp.com\/www.o-p-i.fr\/parlonsen\/wp-content\/uploads\/V%C3%A9ronique-MATTEUDI.jpg?resize=247%2C300&amp;ssl=1 247w, https:\/\/i0.wp.com\/www.o-p-i.fr\/parlonsen\/wp-content\/uploads\/V%C3%A9ronique-MATTEUDI.jpg?resize=123%2C150&amp;ssl=1 123w, https:\/\/i0.wp.com\/www.o-p-i.fr\/parlonsen\/wp-content\/uploads\/V%C3%A9ronique-MATTEUDI.jpg?resize=400%2C487&amp;ssl=1 400w, https:\/\/i0.wp.com\/www.o-p-i.fr\/parlonsen\/wp-content\/uploads\/V%C3%A9ronique-MATTEUDI.jpg?w=425&amp;ssl=1 425w\" sizes=\"auto, (max-width: 247px) 100vw, 247px\" \/><\/p>\n<p><em>Sculpter, selon V\u00e9ronique Matteudi, c&rsquo;est \u00ab\u00a0passer au travers\u00a0\u00bb, renoncer aux formes pr\u00e9visibles, progresser tactilement dans l&rsquo;in\u00e9vidence du mat\u00e9riau informe du d\u00e9part. Puis d\u00e9velopper des coordonn\u00e9es spatiales par l&rsquo;incorporation du lieu qui environne l&rsquo;\u0153uvre en devenir : l&rsquo;espace visible, comme un paysage, et l&rsquo;espace invisible, le paysage de notre pens\u00e9e, notre propre corps.<\/em><\/p>\n<p><em>Elle fabrique des objets d&rsquo;espace, transforme ses sculptures en actes subtils du lieu, de la miniature au monumental! Chaque temps de l&rsquo;\u0153uvre est restitu\u00e9, l&rsquo;artiste, l&rsquo;action de cr\u00e9er, le r\u00e9sultat. L&rsquo;art et la nature, l&rsquo;organique et l&rsquo;esth\u00e9tique se trouvent patiemment renou\u00e9s! Pens\u00e9e temporelle de la sculpture.<\/em><br \/>\n<em> Comment la sculpture sculpte-t-elle du temps? En investissant tous ses sens. La nature nous pr\u00e9c\u00e8de, elle se poursuivra apr\u00e8s nous&#8230;<\/em><\/p>\n<p><em>Cr\u00e9er une sculpture c&rsquo;est un geste, v\u00e9g\u00e9tal, min\u00e9ral, animal ; c&rsquo;est la trace, le parcours, le fossile en puissance, l&rsquo;action immobile &#8211; point de vie et point de mort.<\/em><br \/>\n<em> V\u00e9ronique Matteudi interroge le devenir temps du lieu, le devenir lieu du temps : les m\u00e9moires imm\u00e9morielles.<\/em><\/p>\n<p><em>Entre elle, la mati\u00e8re et l&rsquo;espace, il y a son corps, son squelette, ses articulations, ses muscles en mouvement. Elle devient le r\u00e9ceptacle, le porte-volume du monde alentour.<\/em><br \/>\n<em> C&rsquo;est en m\u00eame temps le champ d&rsquo;exp\u00e9rimentation de son destin : celui du temps qui la sculpte \u00e0 son tour.<\/em><br \/>\nElena Arnal<\/p>\n<p>Vernissage vendredi 3 novembre 2017, \u00e0 partir de 18h<\/p>\n<p><img data-recalc-dims=\"1\" loading=\"lazy\" decoding=\"async\" class=\"alignleft size-medium wp-image-34116\" src=\"https:\/\/i0.wp.com\/www.o-p-i.fr\/parlonsen\/wp-content\/uploads\/Embarcad%C3%A8re-sigle.jpg?resize=300%2C52&#038;ssl=1\" alt=\"\" width=\"300\" height=\"52\" srcset=\"https:\/\/i0.wp.com\/www.o-p-i.fr\/parlonsen\/wp-content\/uploads\/Embarcad%C3%A8re-sigle.jpg?resize=300%2C52&amp;ssl=1 300w, https:\/\/i0.wp.com\/www.o-p-i.fr\/parlonsen\/wp-content\/uploads\/Embarcad%C3%A8re-sigle.jpg?resize=150%2C26&amp;ssl=1 150w, https:\/\/i0.wp.com\/www.o-p-i.fr\/parlonsen\/wp-content\/uploads\/Embarcad%C3%A8re-sigle.jpg?resize=400%2C70&amp;ssl=1 400w, https:\/\/i0.wp.com\/www.o-p-i.fr\/parlonsen\/wp-content\/uploads\/Embarcad%C3%A8re-sigle.jpg?w=425&amp;ssl=1 425w\" sizes=\"auto, (max-width: 300px) 100vw, 300px\" \/><\/p>\n<p>&nbsp;<\/p>\n<p>&nbsp;<\/p>\n<div class=\"adr\">\n<div class=\"street-address\">19 rue saint louis<br \/>\n<span class=\"locality\">Lisle-sur-tarn<\/span>\u00a0<span class=\"postal-code\">81310<\/span><\/div>\n<\/div>\n<p><a href=\"https:\/\/www.o-p-i.fr\/parlonsen\/agenda\/\"><strong>Retrouvez tous les \u00e9v\u00e9nements dans l&rsquo;agenda !<\/strong><\/a><\/p>\n","protected":false},"excerpt":{"rendered":"<div class=\"mh-excerpt\">Du 3 novembre au 31 d\u00e9cembre 2017, \u00ab\u00a0L&rsquo;Embarcad\u00e8re\u00a0\u00bb accueille des \u0153uvres de\u00a0 V\u00e9ronique Matteudi.<\/div>\n","protected":false},"author":4,"featured_media":0,"comment_status":"open","ping_status":"open","sticky":false,"template":"","format":"standard","meta":{"om_disable_all_campaigns":false,"advanced_seo_description":"","jetpack_seo_html_title":"","jetpack_seo_noindex":false,"_jetpack_memberships_contains_paid_content":false,"footnotes":"","_links_to":"","_links_to_target":""},"categories":[42,54,2951,2950],"tags":[77,646,2972],"class_list":{"0":"post-34112","1":"post","2":"type-post","3":"status-publish","4":"format-standard","6":"category-a-cote-de-chez-nous","7":"category-loisirs","8":"category-n-141-decembre-2017","9":"category-n-140-novembre-2017","10":"tag-lisle-sur-tarn","11":"tag-exposition-sculpture","12":"tag-lembarcadere"},"jetpack_featured_media_url":"","views":{"total":0,"cached_at":"","cached_date":1738476580},"jetpack_likes_enabled":true,"jetpack_sharing_enabled":true,"jetpack_shortlink":"https:\/\/wp.me\/pg7Wxj-8Sc","jetpack-related-posts":[],"_links":{"self":[{"href":"https:\/\/www.o-p-i.fr\/parlonsen\/wp-json\/wp\/v2\/posts\/34112","targetHints":{"allow":["GET"]}}],"collection":[{"href":"https:\/\/www.o-p-i.fr\/parlonsen\/wp-json\/wp\/v2\/posts"}],"about":[{"href":"https:\/\/www.o-p-i.fr\/parlonsen\/wp-json\/wp\/v2\/types\/post"}],"author":[{"embeddable":true,"href":"https:\/\/www.o-p-i.fr\/parlonsen\/wp-json\/wp\/v2\/users\/4"}],"replies":[{"embeddable":true,"href":"https:\/\/www.o-p-i.fr\/parlonsen\/wp-json\/wp\/v2\/comments?post=34112"}],"version-history":[{"count":0,"href":"https:\/\/www.o-p-i.fr\/parlonsen\/wp-json\/wp\/v2\/posts\/34112\/revisions"}],"wp:attachment":[{"href":"https:\/\/www.o-p-i.fr\/parlonsen\/wp-json\/wp\/v2\/media?parent=34112"}],"wp:term":[{"taxonomy":"category","embeddable":true,"href":"https:\/\/www.o-p-i.fr\/parlonsen\/wp-json\/wp\/v2\/categories?post=34112"},{"taxonomy":"post_tag","embeddable":true,"href":"https:\/\/www.o-p-i.fr\/parlonsen\/wp-json\/wp\/v2\/tags?post=34112"}],"curies":[{"name":"wp","href":"https:\/\/api.w.org\/{rel}","templated":true}]}}