{"id":34189,"date":"2017-11-08T15:37:50","date_gmt":"2017-11-08T14:37:50","guid":{"rendered":"\/parlonsen\/?p=34189"},"modified":"2017-11-09T10:26:17","modified_gmt":"2017-11-09T09:26:17","slug":"tout-en-couleur-exposition-a-saint-nauphary-82","status":"publish","type":"post","link":"https:\/\/www.o-p-i.fr\/parlonsen\/parlons-en\/culture\/tout-en-couleur-exposition-a-saint-nauphary-82\/","title":{"rendered":"\u00ab\u00a0Tout en couleur\u00a0\u00bb, exposition&#8230; \u00e0 Saint Nauphary (82)"},"content":{"rendered":"<p>Du <strong>mercredi 8 au mercredi 29 novembre 2017<\/strong>, \u00e0 la m\u00e9diath\u00e8que.<!--more--><\/p>\n<p><img data-recalc-dims=\"1\" loading=\"lazy\" decoding=\"async\" class=\"alignright wp-image-34190 size-medium\" src=\"https:\/\/i0.wp.com\/www.o-p-i.fr\/parlonsen\/wp-content\/uploads\/st-no-expo-212x300.jpg?resize=212%2C300&#038;ssl=1\" alt=\"\" width=\"212\" height=\"300\" srcset=\"https:\/\/i0.wp.com\/www.o-p-i.fr\/parlonsen\/wp-content\/uploads\/st-no-expo.jpg?resize=212%2C300&amp;ssl=1 212w, https:\/\/i0.wp.com\/www.o-p-i.fr\/parlonsen\/wp-content\/uploads\/st-no-expo.jpg?resize=106%2C150&amp;ssl=1 106w, https:\/\/i0.wp.com\/www.o-p-i.fr\/parlonsen\/wp-content\/uploads\/st-no-expo.jpg?resize=400%2C567&amp;ssl=1 400w, https:\/\/i0.wp.com\/www.o-p-i.fr\/parlonsen\/wp-content\/uploads\/st-no-expo.jpg?w=446&amp;ssl=1 446w\" sizes=\"auto, (max-width: 212px) 100vw, 212px\" \/>L\u2019association ST NO\u2019LIVRES vous propose de d\u00e9couvrir le talent d\u2019une habitante de Saint-Nauphary, Anne-Marie BELLIA CALAS\u00a0gr\u00e2ce \u00e0 l&rsquo;exposition de quelques unes de ses \u0153uvres : \u00ab Tout en Couleur \u00bb.<\/p>\n<p>En effet apr\u00e8s les teintes douces et diffuses, elle d\u00e9cida d\u2019oser la couleur avec la technique de la peinture \u00e0 l\u2019huile, \u00ab son outil pr\u00e9f\u00e9r\u00e9\u00bb, apr\u00e8s l\u2019acrylique, le pastel ou l\u2019aquarelle.<br \/>\nC\u2019est ainsi qu\u2019elle se d\u00e9crit avec des mots simples et sans ambages :<br \/>\n<em>\u00ab La pratique de la peinture est apparue tr\u00e8s t\u00f4t \u00e0 mon esprit mais j\u2019ai mis pas mal de temps avant d\u2019oser me lancer dans la pratique de cet art qui est tr\u00e8s vite devenu une v\u00e9ritable passion pour moi. J\u2019aborde ainsi au fil des ann\u00e9es des sujets divers , tels que le portrait, les personnages, les sc\u00e8nes de vie, les paysages, les marines ou encore les natures mortes. Je peins chez moi, dans mon atelier mais aussi en pleine nature ou encore au sein d\u2019une Association en compagnie d\u2019amis eux aussi passionn\u00e9s par cette pratique. Je fais g\u00e9n\u00e9ralement cinq \u00e0 six expositions par an, sans vouloir aller au del\u00e0, car la peinture est avant tout pour moi un plaisir, mon passe temps favori et ma passion.\u00a0\u00bb<\/em><\/p>\n<div class=\"entry-thumbnails\"><a href=\"https:\/\/www.o-p-i.fr\/aupays\/annuaire\/loisirs\/st-nolivres\/\"><img decoding=\"async\" title=\"St No\u2019Livres\" src=\"https:\/\/www.o-p-i.fr\/aupays\/wp-content\/themes\/arras-theme\/library\/timthumb.php?src=https:\/\/www.o-p-i.fr\/aupays\/wp-content\/uploads\/logo_stnolivres.jpg&amp;w=190&amp;h=100&amp;zc=1\" alt=\"St No\u2019Livres\" \/><\/a><span class=\"entry-meta\"><abbr class=\"published\" title=\"2017-10-02T11:20:22+00:00\">&#8230;<\/abbr><\/span><\/div>\n<h3 class=\"entry-title\"><a href=\"https:\/\/www.o-p-i.fr\/aupays\/annuaire\/loisirs\/st-nolivres\/\" rel=\"bookmark\">St No\u2019Livres<\/a><\/h3>\n<div class=\"entry-summary\">Permanences :<br \/>\nMercredi : 11h \u2013 12 h et 15h \u2013 19h<br \/>\nVendredi : 16h30 \u2013 17h30<br \/>\nSamedi : 9h \u2013 12h<\/div>\n<div class=\"entry-summary\"><em>Information communiqu\u00e9e par Isabelle SERNY<\/em><\/div>\n<p><a href=\"https:\/\/www.o-p-i.fr\/parlonsen\/agenda\/\"><strong>Retrouvez tous les \u00e9v\u00e9nements dans l&rsquo;agenda !<\/strong><\/a><\/p>\n","protected":false},"excerpt":{"rendered":"<div class=\"mh-excerpt\">Du mercredi 8 au mercredi 29 novembre 2017, \u00e0 la m\u00e9diath\u00e8que.<\/div>\n","protected":false},"author":4,"featured_media":0,"comment_status":"open","ping_status":"open","sticky":false,"template":"","format":"standard","meta":{"om_disable_all_campaigns":false,"advanced_seo_description":"","jetpack_seo_html_title":"","jetpack_seo_noindex":false,"_jetpack_memberships_contains_paid_content":false,"footnotes":"","_links_to":"","_links_to_target":""},"categories":[1,54,17,2950],"tags":[269,2608,2947],"class_list":{"0":"post-34189","1":"post","2":"type-post","3":"status-publish","4":"format-standard","6":"category-culture","7":"category-loisirs","8":"category-saint_nauphary","9":"category-n-140-novembre-2017","10":"tag-exposition-peinture","11":"tag-saint-nauphary","12":"tag-st-nolivre"},"jetpack_featured_media_url":"","views":{"total":0,"cached_at":"","cached_date":1738463627},"jetpack_likes_enabled":true,"jetpack_sharing_enabled":true,"jetpack_shortlink":"https:\/\/wp.me\/pg7Wxj-8Tr","jetpack-related-posts":[],"_links":{"self":[{"href":"https:\/\/www.o-p-i.fr\/parlonsen\/wp-json\/wp\/v2\/posts\/34189","targetHints":{"allow":["GET"]}}],"collection":[{"href":"https:\/\/www.o-p-i.fr\/parlonsen\/wp-json\/wp\/v2\/posts"}],"about":[{"href":"https:\/\/www.o-p-i.fr\/parlonsen\/wp-json\/wp\/v2\/types\/post"}],"author":[{"embeddable":true,"href":"https:\/\/www.o-p-i.fr\/parlonsen\/wp-json\/wp\/v2\/users\/4"}],"replies":[{"embeddable":true,"href":"https:\/\/www.o-p-i.fr\/parlonsen\/wp-json\/wp\/v2\/comments?post=34189"}],"version-history":[{"count":0,"href":"https:\/\/www.o-p-i.fr\/parlonsen\/wp-json\/wp\/v2\/posts\/34189\/revisions"}],"wp:attachment":[{"href":"https:\/\/www.o-p-i.fr\/parlonsen\/wp-json\/wp\/v2\/media?parent=34189"}],"wp:term":[{"taxonomy":"category","embeddable":true,"href":"https:\/\/www.o-p-i.fr\/parlonsen\/wp-json\/wp\/v2\/categories?post=34189"},{"taxonomy":"post_tag","embeddable":true,"href":"https:\/\/www.o-p-i.fr\/parlonsen\/wp-json\/wp\/v2\/tags?post=34189"}],"curies":[{"name":"wp","href":"https:\/\/api.w.org\/{rel}","templated":true}]}}