{"id":34205,"date":"2017-11-09T19:41:09","date_gmt":"2017-11-09T18:41:09","guid":{"rendered":"\/parlonsen\/?p=34205"},"modified":"2017-11-09T19:52:05","modified_gmt":"2017-11-09T18:52:05","slug":"expo-charraz-et-domino-a-rabastens-81","status":"publish","type":"post","link":"https:\/\/www.o-p-i.fr\/parlonsen\/parlons-en\/culture\/expo-charraz-et-domino-a-rabastens-81\/","title":{"rendered":"Expo Charraz et Domino&#8230;\u00e0 Rabastens (81)"},"content":{"rendered":"<p>Du <strong>mardi 7 novembre au samedi 23 d\u00e9cembre 2017<\/strong>, \u00ab\u00a0LE CINQ\u00a0\u00bb propose,<!--more--><img data-recalc-dims=\"1\" loading=\"lazy\" decoding=\"async\" class=\"aligncenter wp-image-34206 size-full\" src=\"https:\/\/i0.wp.com\/www.o-p-i.fr\/parlonsen\/wp-content\/uploads\/5.jpg?resize=950%2C567&#038;ssl=1\" alt=\"\" width=\"950\" height=\"567\" srcset=\"https:\/\/i0.wp.com\/www.o-p-i.fr\/parlonsen\/wp-content\/uploads\/5.jpg?w=950&amp;ssl=1 950w, https:\/\/i0.wp.com\/www.o-p-i.fr\/parlonsen\/wp-content\/uploads\/5.jpg?resize=300%2C179&amp;ssl=1 300w, https:\/\/i0.wp.com\/www.o-p-i.fr\/parlonsen\/wp-content\/uploads\/5.jpg?resize=768%2C458&amp;ssl=1 768w, https:\/\/i0.wp.com\/www.o-p-i.fr\/parlonsen\/wp-content\/uploads\/5.jpg?resize=150%2C90&amp;ssl=1 150w, https:\/\/i0.wp.com\/www.o-p-i.fr\/parlonsen\/wp-content\/uploads\/5.jpg?resize=400%2C239&amp;ssl=1 400w\" sizes=\"auto, (max-width: 950px) 100vw, 950px\" \/><\/p>\n<p>l&rsquo;exposition des \u0153uvres de Jacqueline CHARRAZ, peintre, et de DOMINO, sculptrice.<br \/>\nJacqueline Charraz, artiste peintre qui viendra ensoleiller \u00a0\u00bb le cinq\u00a0\u00bb de ses ambiances estivales ou tout n&rsquo;est que douce lenteur et chaudes lumi\u00e8res sur les \u00eatres et les paysages. Aimant le contact avec la mati\u00e8re dans laquelle elle trouve une respiration qu&rsquo;elle mat\u00e9rialise le plus souvent dans la terre cuite, Domino s&rsquo;est tr\u00e8s t\u00f4t passionn\u00e9e pour le modelage. Domino cr\u00e9e tout un univers de po\u00e9sie, son oeuvre est directement inspir\u00e9e de ses \u00e9tats d&rsquo;\u00e2me, de son imaginaire mais aussi de son v\u00e9cu.<\/p>\n<p>Vernissage\u00a0le vendredi 10 novembre 2017 \u00e0 partir de 18 heures.<\/p>\n<p><a href=\"https:\/\/www.o-p-i.fr\/aupays\/annuaire\/loisirs\/le-cinq\/\" target=\"_blank\" rel=\"noopener noreferrer\"><img data-recalc-dims=\"1\" loading=\"lazy\" decoding=\"async\" class=\"alignleft wp-image-34207 size-thumbnail\" src=\"https:\/\/i0.wp.com\/www.o-p-i.fr\/parlonsen\/wp-content\/uploads\/Logo-5.jpg?resize=150%2C150&#038;ssl=1\" alt=\"\" width=\"150\" height=\"150\" srcset=\"https:\/\/i0.wp.com\/www.o-p-i.fr\/parlonsen\/wp-content\/uploads\/Logo-5.jpg?resize=150%2C150&amp;ssl=1 150w, https:\/\/i0.wp.com\/www.o-p-i.fr\/parlonsen\/wp-content\/uploads\/Logo-5.jpg?w=185&amp;ssl=1 185w\" sizes=\"auto, (max-width: 150px) 100vw, 150px\" \/><\/a>\u00ab\u00a0Le Cinq\u00a0\u00bb<br \/>\n5 quai des Escoussi\u00e8res \u00e0 RABASTENS<\/p>\n<p><em>Information communiqu\u00e9e par \u00ab\u00a0Le Cinq\u00a0\u00bb<\/em><\/p>\n<p><a href=\"https:\/\/www.o-p-i.fr\/parlonsen\/agenda\/\"><strong>Retrouvez tous les \u00e9v\u00e9nements dans l&rsquo;agenda !<\/strong><\/a><\/p>\n","protected":false},"excerpt":{"rendered":"<div class=\"mh-excerpt\">Du mardi 7 novembre au samedi 23 d\u00e9cembre 2017, \u00ab\u00a0LE CINQ\u00a0\u00bb propose,<\/div>\n","protected":false},"author":4,"featured_media":0,"comment_status":"open","ping_status":"open","sticky":false,"template":"","format":"standard","meta":{"om_disable_all_campaigns":false,"advanced_seo_description":"","jetpack_seo_html_title":"","jetpack_seo_noindex":false,"_jetpack_memberships_contains_paid_content":false,"footnotes":"","_links_to":"","_links_to_target":""},"categories":[42,1,54,2951,2950],"tags":[72,269,646,1175],"class_list":{"0":"post-34205","1":"post","2":"type-post","3":"status-publish","4":"format-standard","6":"category-a-cote-de-chez-nous","7":"category-culture","8":"category-loisirs","9":"category-n-141-decembre-2017","10":"category-n-140-novembre-2017","11":"tag-rabastens","12":"tag-exposition-peinture","13":"tag-exposition-sculpture","14":"tag-le-cinq"},"jetpack_featured_media_url":"","views":{"total":1,"cached_at":"","cached_date":1738161636},"jetpack_likes_enabled":true,"jetpack_sharing_enabled":true,"jetpack_shortlink":"https:\/\/wp.me\/pg7Wxj-8TH","jetpack-related-posts":[],"_links":{"self":[{"href":"https:\/\/www.o-p-i.fr\/parlonsen\/wp-json\/wp\/v2\/posts\/34205","targetHints":{"allow":["GET"]}}],"collection":[{"href":"https:\/\/www.o-p-i.fr\/parlonsen\/wp-json\/wp\/v2\/posts"}],"about":[{"href":"https:\/\/www.o-p-i.fr\/parlonsen\/wp-json\/wp\/v2\/types\/post"}],"author":[{"embeddable":true,"href":"https:\/\/www.o-p-i.fr\/parlonsen\/wp-json\/wp\/v2\/users\/4"}],"replies":[{"embeddable":true,"href":"https:\/\/www.o-p-i.fr\/parlonsen\/wp-json\/wp\/v2\/comments?post=34205"}],"version-history":[{"count":0,"href":"https:\/\/www.o-p-i.fr\/parlonsen\/wp-json\/wp\/v2\/posts\/34205\/revisions"}],"wp:attachment":[{"href":"https:\/\/www.o-p-i.fr\/parlonsen\/wp-json\/wp\/v2\/media?parent=34205"}],"wp:term":[{"taxonomy":"category","embeddable":true,"href":"https:\/\/www.o-p-i.fr\/parlonsen\/wp-json\/wp\/v2\/categories?post=34205"},{"taxonomy":"post_tag","embeddable":true,"href":"https:\/\/www.o-p-i.fr\/parlonsen\/wp-json\/wp\/v2\/tags?post=34205"}],"curies":[{"name":"wp","href":"https:\/\/api.w.org\/{rel}","templated":true}]}}