{"id":34211,"date":"2017-11-09T23:55:02","date_gmt":"2017-11-09T22:55:02","guid":{"rendered":"\/parlonsen\/?p=34211"},"modified":"2017-11-09T23:56:11","modified_gmt":"2017-11-09T22:56:11","slug":"lhistoire-et-lactualite-du-football-a-larrazet-82","status":"publish","type":"post","link":"https:\/\/www.o-p-i.fr\/parlonsen\/parlons-en\/culture\/lhistoire-et-lactualite-du-football-a-larrazet-82\/","title":{"rendered":"\u00ab\u00a0L&rsquo;histoire et l&rsquo;actualit\u00e9 du football\u00a0\u00bb&#8230;\u00e0 Larrazet (82)"},"content":{"rendered":"<p><strong>Samedi 25 et dimanche 26 novembre 2017<\/strong>, Maison de la Culture.<!--more--><img data-recalc-dims=\"1\" loading=\"lazy\" decoding=\"async\" class=\"alignright size-medium wp-image-34219\" src=\"https:\/\/i0.wp.com\/www.o-p-i.fr\/parlonsen\/wp-content\/uploads\/Larrazet.jpg?resize=218%2C300&#038;ssl=1\" alt=\"\" width=\"218\" height=\"300\" srcset=\"https:\/\/i0.wp.com\/www.o-p-i.fr\/parlonsen\/wp-content\/uploads\/Larrazet.jpg?resize=218%2C300&amp;ssl=1 218w, https:\/\/i0.wp.com\/www.o-p-i.fr\/parlonsen\/wp-content\/uploads\/Larrazet.jpg?resize=109%2C150&amp;ssl=1 109w, https:\/\/i0.wp.com\/www.o-p-i.fr\/parlonsen\/wp-content\/uploads\/Larrazet.jpg?resize=400%2C551&amp;ssl=1 400w, https:\/\/i0.wp.com\/www.o-p-i.fr\/parlonsen\/wp-content\/uploads\/Larrazet.jpg?w=425&amp;ssl=1 425w\" sizes=\"auto, (max-width: 218px) 100vw, 218px\" \/>Voici le programme actualis\u00e9 des Journ\u00e9es de Larrazet qui interrogeront le football tout \u00e0 la fois comme un jeu ( le plus r\u00e9pandu sur la plan\u00e8te) et un enjeu de soci\u00e9t\u00e9.<br \/>\nDans un moment de partage entre footballeurs et non footballeurs, nous allons beaucoup apprendre et \u00e9changer sur l&rsquo;histoire, l&rsquo;\u00e9volution du jeu et l&rsquo;actualit\u00e9 du football qui est comme un miroir de notre temps.<br \/>\nL&rsquo;entr\u00e9e est libre et gratuite.<\/p>\n<p>Il faut s&rsquo;inscrire rapidement pour les repas ( 15 euros) du samedi soir et du dimanche midi car le nombre de places est limit\u00e9.<\/p>\n<p>Pour voir le programme complet, cliquez :\u00a0<a href=\"https:\/\/www.o-p-i.fr\/parlonsen\/wp-content\/uploads\/Programmet_Larrazet.pdf\">Programmet_Larrazet<\/a><\/p>\n<p>Alain DAZIRON<br \/>\nMaison de la Culture<br \/>\n82 500 LARRAZET<\/p>\n<p><em>Information communiqu\u00e9e par Alain DAZIRON<\/em><\/p>\n<p><a href=\"https:\/\/www.o-p-i.fr\/parlonsen\/agenda\/\"><strong>Retrouvez tous les \u00e9v\u00e9nements dans l&rsquo;agenda !<\/strong><\/a><\/p>\n","protected":false},"excerpt":{"rendered":"<div class=\"mh-excerpt\">Samedi 25 et dimanche 26 novembre 2017, Maison de la Culture.<\/div>\n","protected":false},"author":4,"featured_media":0,"comment_status":"open","ping_status":"open","sticky":false,"template":"","format":"standard","meta":{"om_disable_all_campaigns":false,"advanced_seo_description":"","jetpack_seo_html_title":"","jetpack_seo_noindex":false,"_jetpack_memberships_contains_paid_content":false,"footnotes":"","_links_to":"","_links_to_target":""},"categories":[52,42,1,54,2950],"tags":[66,454,2979],"class_list":{"0":"post-34211","1":"post","2":"type-post","3":"status-publish","4":"format-standard","6":"category-parlons-en","7":"category-a-cote-de-chez-nous","8":"category-culture","9":"category-loisirs","10":"category-n-140-novembre-2017","11":"tag-larrazet","12":"tag-football","13":"tag-journees-de-larrazet"},"jetpack_featured_media_url":"","views":{"total":0,"cached_at":"","cached_date":1738469484},"jetpack_likes_enabled":true,"jetpack_sharing_enabled":true,"jetpack_shortlink":"https:\/\/wp.me\/pg7Wxj-8TN","jetpack-related-posts":[],"_links":{"self":[{"href":"https:\/\/www.o-p-i.fr\/parlonsen\/wp-json\/wp\/v2\/posts\/34211","targetHints":{"allow":["GET"]}}],"collection":[{"href":"https:\/\/www.o-p-i.fr\/parlonsen\/wp-json\/wp\/v2\/posts"}],"about":[{"href":"https:\/\/www.o-p-i.fr\/parlonsen\/wp-json\/wp\/v2\/types\/post"}],"author":[{"embeddable":true,"href":"https:\/\/www.o-p-i.fr\/parlonsen\/wp-json\/wp\/v2\/users\/4"}],"replies":[{"embeddable":true,"href":"https:\/\/www.o-p-i.fr\/parlonsen\/wp-json\/wp\/v2\/comments?post=34211"}],"version-history":[{"count":0,"href":"https:\/\/www.o-p-i.fr\/parlonsen\/wp-json\/wp\/v2\/posts\/34211\/revisions"}],"wp:attachment":[{"href":"https:\/\/www.o-p-i.fr\/parlonsen\/wp-json\/wp\/v2\/media?parent=34211"}],"wp:term":[{"taxonomy":"category","embeddable":true,"href":"https:\/\/www.o-p-i.fr\/parlonsen\/wp-json\/wp\/v2\/categories?post=34211"},{"taxonomy":"post_tag","embeddable":true,"href":"https:\/\/www.o-p-i.fr\/parlonsen\/wp-json\/wp\/v2\/tags?post=34211"}],"curies":[{"name":"wp","href":"https:\/\/api.w.org\/{rel}","templated":true}]}}