{"id":3424,"date":"2010-04-14T16:13:40","date_gmt":"2010-04-14T14:13:40","guid":{"rendered":"\/parlonsen\/?p=3424"},"modified":"2010-04-14T16:13:40","modified_gmt":"2010-04-14T14:13:40","slug":"theatre-occitan-a-monclar-de-quercy","status":"publish","type":"post","link":"https:\/\/www.o-p-i.fr\/parlonsen\/parlons-en\/culture\/theatre-occitan-a-monclar-de-quercy\/","title":{"rendered":"Th\u00e9\u00e2tre Occitan &#8230; \u00e0 Monclar de Quercy"},"content":{"rendered":"<p style=\"text-align: justify;\">Monclar de Quercy, salle des f\u00eates du groupe scolaire, <span style=\"color: #ff6600;\"><strong>samedi 24 avril<\/strong><\/span> \u00e0 21 heures, th\u00e9\u00e2tre occitan avec la <span style=\"color: #ff6600;\"><strong>troupe de Vazerac Labarthe<\/strong><\/span> qui jouera sa derni\u00e8re cr\u00e9ation \u00ab\u00a0<span style=\"color: #ff6600;\"><strong>Una setmana de campanha<\/strong><\/span>\u00ab\u00a0. <!--more--><\/p>\n<p style=\"text-align: justify;\">Pi\u00e8ce en 4 actes de Jean-Claude H\u00e9brard. Rire assur\u00e9 !<\/p>\n<p style=\"text-align: justify;\">Carameil est une petite commune paisible. Marcel Legrand, le Maire, passe \u00e0 la Mairie la presque totalit\u00e9 de son temps, d\u00e9laissant sa famille.<\/p>\n<p style=\"text-align: justify;\">Il est, en ce moment tr\u00e8s occup\u00e9 par un nouveau projet qui, semble t-il n&rsquo;est pas du go\u00fbt de tout le monde : la construction d&rsquo;un supermarch\u00e9.<\/p>\n<p style=\"text-align: justify;\">Les \u00e9lections municipales se profilent \u00e0 l&rsquo;horizon et notre brave Marcel Legrand va se trouver dans une situation extr\u00eamement d\u00e9licate.<\/p>\n<p style=\"text-align: justify;\">Il va d\u00e9couvrir, \u00e0 sa grande surprise, que sa femme le trompe, qu&rsquo;il est domin\u00e9 par sa cantini\u00e8re, l\u00e2ch\u00e9 par sa premi\u00e8re adjointe contest\u00e9 par le cantonnier, il semblerait m\u00eame que Fran\u00e7ois Pignon, le charcutier traiteur, monte une liste contre lui&#8230;.<\/p>\n<p style=\"text-align: justify;\"><em>Communiqu\u00e9 de l&rsquo;<a title=\"En savoir +\" href=\"https:\/\/www.o-p-i.fr\/aupays\/nos-villages\/monclar-de-quercy\/office-du-tourisme\/\">Office de Tourisme du Quercy Vert<\/a><\/em><\/p>\n<p><a href=\"https:\/\/www.o-p-i.fr\/parlonsen\/agenda\/\"><strong>Retrouvez tous les \u00e9v\u00e8nements dans l&rsquo;agenda !<\/strong><\/a><\/p>\n","protected":false},"excerpt":{"rendered":"<div class=\"mh-excerpt\">Monclar de Quercy, salle des f\u00eates du groupe scolaire, samedi 24 avril \u00e0 21 heures, th\u00e9\u00e2tre occitan avec la troupe de Vazerac Labarthe qui jouera sa derni\u00e8re cr\u00e9ation \u00ab\u00a0Una setmana de campanha\u00ab\u00a0.<\/div>\n","protected":false},"author":2,"featured_media":0,"comment_status":"open","ping_status":"open","sticky":false,"template":"","format":"standard","meta":{"om_disable_all_campaigns":false,"advanced_seo_description":"","jetpack_seo_html_title":"","jetpack_seo_noindex":false,"_jetpack_memberships_contains_paid_content":false,"footnotes":"","_links_to":"","_links_to_target":""},"categories":[1,16,54,447],"tags":[57,62,143,488],"class_list":{"0":"post-3424","1":"post","2":"type-post","3":"status-publish","4":"format-standard","6":"category-culture","7":"category-monclar","8":"category-loisirs","9":"category-n-48-avril-2010","10":"tag-theatre","11":"tag-occitan","12":"tag-monclar-de-quercy","13":"tag-vazerac-labarthe"},"jetpack_featured_media_url":"","views":{"total":0,"cached_at":"","cached_date":1738534973},"jetpack_likes_enabled":true,"jetpack_sharing_enabled":true,"jetpack_shortlink":"https:\/\/wp.me\/pg7Wxj-Te","jetpack-related-posts":[],"_links":{"self":[{"href":"https:\/\/www.o-p-i.fr\/parlonsen\/wp-json\/wp\/v2\/posts\/3424","targetHints":{"allow":["GET"]}}],"collection":[{"href":"https:\/\/www.o-p-i.fr\/parlonsen\/wp-json\/wp\/v2\/posts"}],"about":[{"href":"https:\/\/www.o-p-i.fr\/parlonsen\/wp-json\/wp\/v2\/types\/post"}],"author":[{"embeddable":true,"href":"https:\/\/www.o-p-i.fr\/parlonsen\/wp-json\/wp\/v2\/users\/2"}],"replies":[{"embeddable":true,"href":"https:\/\/www.o-p-i.fr\/parlonsen\/wp-json\/wp\/v2\/comments?post=3424"}],"version-history":[{"count":0,"href":"https:\/\/www.o-p-i.fr\/parlonsen\/wp-json\/wp\/v2\/posts\/3424\/revisions"}],"wp:attachment":[{"href":"https:\/\/www.o-p-i.fr\/parlonsen\/wp-json\/wp\/v2\/media?parent=3424"}],"wp:term":[{"taxonomy":"category","embeddable":true,"href":"https:\/\/www.o-p-i.fr\/parlonsen\/wp-json\/wp\/v2\/categories?post=3424"},{"taxonomy":"post_tag","embeddable":true,"href":"https:\/\/www.o-p-i.fr\/parlonsen\/wp-json\/wp\/v2\/tags?post=3424"}],"curies":[{"name":"wp","href":"https:\/\/api.w.org\/{rel}","templated":true}]}}