{"id":34266,"date":"2017-11-22T17:40:59","date_gmt":"2017-11-22T16:40:59","guid":{"rendered":"\/parlonsen\/?p=34266"},"modified":"2017-11-22T17:41:22","modified_gmt":"2017-11-22T16:41:22","slug":"sara-rosemberg-chez-vent-propice-a-vaour-81","status":"publish","type":"post","link":"https:\/\/www.o-p-i.fr\/parlonsen\/parlons-en\/culture\/sara-rosemberg-chez-vent-propice-a-vaour-81\/","title":{"rendered":"Sara Rosemberg chez \u00ab\u00a0Vent Propice\u00a0\u00bb&#8230;\u00e0 Vaour (81)"},"content":{"rendered":"<p><strong>Vendredi 24\u00a0novembre 2017<\/strong> \u00e0 19 h.30 \u00e0 \u00ab\u00a0Le Rial\u00a0\u00bb<!--more--><\/p>\n<p>L&rsquo;\u00e9crivaine argentine, Sara Rosenberg, a ouvert il y a 5 ans les rencontres de <a href=\"http:\/\/ventpropice.fr\/index.html\" target=\"_blank\" rel=\"noopener noreferrer\"><strong>Vent propice<\/strong>.<\/a> Nous sommes tr\u00e8s heureux de l&rsquo;accueillir une nouvelle fois pour une rencontre autour de \u00ab Contre jour \u00bb, son dernier roman traduit en fran\u00e7ais par Belinda Corbacho.<br \/>\nCette rencontre est organis\u00e9e et prise en charge par <strong><a href=\"http:\/\/ventpropice.fr\/index.html\">Vent propice <\/a>\u00a0<\/strong>dont la<strong>\u00a0<a href=\"http:\/\/letracteursavant.com\/\" target=\"_blank\" rel=\"noopener noreferrer\">librairie Le Tracteur savant<\/a><\/strong>\u00a0est partenaire et en collaboration avec le festival <strong><a href=\"https:\/\/lettresdumonde33.com\/\" target=\"_blank\" rel=\"noopener noreferrer\">Lettres du Monde<\/a><\/strong> \u00e0 Bordeaux.<\/p>\n<p><strong><img data-recalc-dims=\"1\" loading=\"lazy\" decoding=\"async\" class=\"alignright size-full wp-image-34276\" src=\"https:\/\/i0.wp.com\/www.o-p-i.fr\/parlonsen\/wp-content\/uploads\/rosenberg-2.jpg?resize=404%2C283&#038;ssl=1\" alt=\"\" width=\"404\" height=\"283\" srcset=\"https:\/\/i0.wp.com\/www.o-p-i.fr\/parlonsen\/wp-content\/uploads\/rosenberg-2.jpg?w=404&amp;ssl=1 404w, https:\/\/i0.wp.com\/www.o-p-i.fr\/parlonsen\/wp-content\/uploads\/rosenberg-2.jpg?resize=300%2C210&amp;ssl=1 300w, https:\/\/i0.wp.com\/www.o-p-i.fr\/parlonsen\/wp-content\/uploads\/rosenberg-2.jpg?resize=150%2C105&amp;ssl=1 150w, https:\/\/i0.wp.com\/www.o-p-i.fr\/parlonsen\/wp-content\/uploads\/rosenberg-2.jpg?resize=400%2C280&amp;ssl=1 400w\" sizes=\"auto, (max-width: 404px) 100vw, 404px\" \/>Le livre<\/strong><br \/>\n\u00ab Contre jour \u00bb Editions <strong><a href=\"http:\/\/www.lacontreallee.com\/\" target=\"_blank\" rel=\"noopener noreferrer\">La Contre-All\u00e9e<\/a><\/strong> 2017.<br \/>\nDerri\u00e8re les apparences, se cache souvent une autre r\u00e9alit\u00e9 non perceptible \u00e0 premi\u00e8re vue, et c&rsquo;est \u00e0 contre-jour seulement et en r\u00e9sistant \u00e0 toutes sortes d&rsquo;obstacles que l&rsquo;on parvient \u00e0 y acc\u00e9der. Dans ce dernier roman Sara Rosenberg met en sc\u00e8ne plusieurs personnages en prise avec les subterfuges d\u00e9ploy\u00e9s par les responsables ou les complices de la dictature argentine des ann\u00e9es soixante dix.<\/p>\n<p><strong>Sur le plan pratique<\/strong><br \/>\nVente des livres sur place.<br \/>\nNous terminerons la soir\u00e9e par un verre de l&rsquo;amiti\u00e9. Vent propice se charge des boissons. Apportez un petit en-cas !<br \/>\nIl est pr\u00e9f\u00e9rable de r\u00e9server<br \/>\npar courriel : ventpropice.fr@gmail.com<br \/>\nou par t\u00e9l\u00e9phone 05 63 49 91 03 , 06 80 98 98 87<\/p>\n<p><em>Information communiqu\u00e9e par \u00ab\u00a0les conductrices du Tracteur Savant\u00a0\u00bb<\/em><br \/>\n<a href=\"https:\/\/www.o-p-i.fr\/parlonsen\/agenda\/\"><strong>Retrouvez tous les \u00e9v\u00e9nements dans l&rsquo;agenda !<\/strong><\/a><\/p>\n","protected":false},"excerpt":{"rendered":"<div class=\"mh-excerpt\">Vendredi 24\u00a0novembre 2017 \u00e0 19 h.30 \u00e0 \u00ab\u00a0Le Rial\u00a0\u00bb<\/div>\n","protected":false},"author":4,"featured_media":0,"comment_status":"open","ping_status":"open","sticky":false,"template":"","format":"standard","meta":{"om_disable_all_campaigns":false,"advanced_seo_description":"","jetpack_seo_html_title":"","jetpack_seo_noindex":false,"_jetpack_memberships_contains_paid_content":false,"footnotes":"","_links_to":"","_links_to_target":""},"categories":[52,42,1,54,2951],"tags":[187,330,1900,2701,2981],"class_list":{"0":"post-34266","1":"post","2":"type-post","3":"status-publish","4":"format-standard","6":"category-parlons-en","7":"category-a-cote-de-chez-nous","8":"category-culture","9":"category-loisirs","10":"category-n-141-decembre-2017","11":"tag-vaour","12":"tag-rencontre","13":"tag-roman","14":"tag-le-tracteur-savant","15":"tag-vent-propice"},"jetpack_featured_media_url":"","views":{"total":1,"cached_at":"","cached_date":1738404608},"jetpack_likes_enabled":true,"jetpack_sharing_enabled":true,"jetpack_shortlink":"https:\/\/wp.me\/pg7Wxj-8UG","jetpack-related-posts":[],"_links":{"self":[{"href":"https:\/\/www.o-p-i.fr\/parlonsen\/wp-json\/wp\/v2\/posts\/34266","targetHints":{"allow":["GET"]}}],"collection":[{"href":"https:\/\/www.o-p-i.fr\/parlonsen\/wp-json\/wp\/v2\/posts"}],"about":[{"href":"https:\/\/www.o-p-i.fr\/parlonsen\/wp-json\/wp\/v2\/types\/post"}],"author":[{"embeddable":true,"href":"https:\/\/www.o-p-i.fr\/parlonsen\/wp-json\/wp\/v2\/users\/4"}],"replies":[{"embeddable":true,"href":"https:\/\/www.o-p-i.fr\/parlonsen\/wp-json\/wp\/v2\/comments?post=34266"}],"version-history":[{"count":0,"href":"https:\/\/www.o-p-i.fr\/parlonsen\/wp-json\/wp\/v2\/posts\/34266\/revisions"}],"wp:attachment":[{"href":"https:\/\/www.o-p-i.fr\/parlonsen\/wp-json\/wp\/v2\/media?parent=34266"}],"wp:term":[{"taxonomy":"category","embeddable":true,"href":"https:\/\/www.o-p-i.fr\/parlonsen\/wp-json\/wp\/v2\/categories?post=34266"},{"taxonomy":"post_tag","embeddable":true,"href":"https:\/\/www.o-p-i.fr\/parlonsen\/wp-json\/wp\/v2\/tags?post=34266"}],"curies":[{"name":"wp","href":"https:\/\/api.w.org\/{rel}","templated":true}]}}