{"id":34383,"date":"2017-11-21T19:11:16","date_gmt":"2017-11-21T18:11:16","guid":{"rendered":"\/parlonsen\/?p=34383"},"modified":"2017-11-21T23:15:03","modified_gmt":"2017-11-21T22:15:03","slug":"cine-gouter-de-noel-a-salvagnac-81","status":"publish","type":"post","link":"https:\/\/www.o-p-i.fr\/parlonsen\/localisation\/au-pays-des-tescous\/salvagnac\/cine-gouter-de-noel-a-salvagnac-81\/","title":{"rendered":"Cin\u00e9-Go\u00fbter de No\u00ebl&#8230;\u00e0 Salvagnac (81)"},"content":{"rendered":"<p><strong>Samedi 23 d\u00e9cembre 2017<\/strong>, au Galetas de Salvagnac,\u00a0<!--more--><\/p>\n<p><img data-recalc-dims=\"1\" loading=\"lazy\" decoding=\"async\" class=\"aligncenter size-full wp-image-34384\" src=\"https:\/\/i0.wp.com\/www.o-p-i.fr\/parlonsen\/wp-content\/uploads\/gouter-salva.jpg?resize=709%2C1003&#038;ssl=1\" alt=\"\" width=\"709\" height=\"1003\" srcset=\"https:\/\/i0.wp.com\/www.o-p-i.fr\/parlonsen\/wp-content\/uploads\/gouter-salva.jpg?w=709&amp;ssl=1 709w, https:\/\/i0.wp.com\/www.o-p-i.fr\/parlonsen\/wp-content\/uploads\/gouter-salva.jpg?resize=212%2C300&amp;ssl=1 212w, https:\/\/i0.wp.com\/www.o-p-i.fr\/parlonsen\/wp-content\/uploads\/gouter-salva.jpg?resize=106%2C150&amp;ssl=1 106w, https:\/\/i0.wp.com\/www.o-p-i.fr\/parlonsen\/wp-content\/uploads\/gouter-salva.jpg?resize=400%2C566&amp;ssl=1 400w\" sizes=\"auto, (max-width: 709px) 100vw, 709px\" \/><\/p>\n<p><em>Information Communiqu\u00e9e par Yvan POIRIER<\/em><br \/>\n<a href=\"https:\/\/www.o-p-i.fr\/parlonsen\/agenda\/\"><strong>Retrouvez tous les \u00e9v\u00e9nements dans l&rsquo;agenda !<\/strong><\/a><\/p>\n","protected":false},"excerpt":{"rendered":"<div class=\"mh-excerpt\">Samedi 23 d\u00e9cembre 2017, au Galetas de Salvagnac,\u00a0<\/div>\n","protected":false},"author":4,"featured_media":0,"comment_status":"open","ping_status":"open","sticky":false,"template":"","format":"standard","meta":{"om_disable_all_campaigns":false,"advanced_seo_description":"","jetpack_seo_html_title":"","jetpack_seo_noindex":false,"_jetpack_memberships_contains_paid_content":false,"footnotes":"","_links_to":"","_links_to_target":""},"categories":[54,2951,775,25],"tags":[2548,186,1766,2113,2992],"class_list":{"0":"post-34383","1":"post","2":"type-post","3":"status-publish","4":"format-standard","6":"category-loisirs","7":"category-n-141-decembre-2017","8":"category-cest-noel","9":"category-salvagnac","10":"tag-salvagnac","11":"tag-gouter","12":"tag-cinema","13":"tag-court-metrage","14":"tag-lumen-co"},"jetpack_featured_media_url":"","views":{"total":0,"cached_at":"","cached_date":1738428832},"jetpack_likes_enabled":true,"jetpack_sharing_enabled":true,"jetpack_shortlink":"https:\/\/wp.me\/pg7Wxj-8Wz","jetpack-related-posts":[],"_links":{"self":[{"href":"https:\/\/www.o-p-i.fr\/parlonsen\/wp-json\/wp\/v2\/posts\/34383","targetHints":{"allow":["GET"]}}],"collection":[{"href":"https:\/\/www.o-p-i.fr\/parlonsen\/wp-json\/wp\/v2\/posts"}],"about":[{"href":"https:\/\/www.o-p-i.fr\/parlonsen\/wp-json\/wp\/v2\/types\/post"}],"author":[{"embeddable":true,"href":"https:\/\/www.o-p-i.fr\/parlonsen\/wp-json\/wp\/v2\/users\/4"}],"replies":[{"embeddable":true,"href":"https:\/\/www.o-p-i.fr\/parlonsen\/wp-json\/wp\/v2\/comments?post=34383"}],"version-history":[{"count":0,"href":"https:\/\/www.o-p-i.fr\/parlonsen\/wp-json\/wp\/v2\/posts\/34383\/revisions"}],"wp:attachment":[{"href":"https:\/\/www.o-p-i.fr\/parlonsen\/wp-json\/wp\/v2\/media?parent=34383"}],"wp:term":[{"taxonomy":"category","embeddable":true,"href":"https:\/\/www.o-p-i.fr\/parlonsen\/wp-json\/wp\/v2\/categories?post=34383"},{"taxonomy":"post_tag","embeddable":true,"href":"https:\/\/www.o-p-i.fr\/parlonsen\/wp-json\/wp\/v2\/tags?post=34383"}],"curies":[{"name":"wp","href":"https:\/\/api.w.org\/{rel}","templated":true}]}}