{"id":34390,"date":"2017-11-22T10:19:39","date_gmt":"2017-11-22T09:19:39","guid":{"rendered":"\/parlonsen\/?p=34390"},"modified":"2025-11-10T15:10:07","modified_gmt":"2025-11-10T14:10:07","slug":"larche-de-liberte-conte-de-noel-a-montauban-82","status":"publish","type":"post","link":"https:\/\/www.o-p-i.fr\/parlonsen\/localisation\/a-cote-de-chez-nous\/larche-de-liberte-conte-de-noel-a-montauban-82\/","title":{"rendered":"\u00ab\u00a0L&rsquo;arche de Libert\u00e9\u00a0\u00bb conte de No\u00ebl&#8230;\u00e0 Montauban (82)"},"content":{"rendered":"<p><strong>Samedi 2 d\u00e9cembre 2017<\/strong> \u00e0 21h au th\u00e9\u00e2tre de l&rsquo;Embellie.<!--more--><img data-recalc-dims=\"1\" loading=\"lazy\" decoding=\"async\" class=\"alignright size-full wp-image-34391\" src=\"https:\/\/i0.wp.com\/www.o-p-i.fr\/parlonsen\/wp-content\/uploads\/larche.jpg?resize=482%2C482&#038;ssl=1\" alt=\"\" width=\"482\" height=\"482\" srcset=\"https:\/\/i0.wp.com\/www.o-p-i.fr\/parlonsen\/wp-content\/uploads\/larche.jpg?w=482&amp;ssl=1 482w, https:\/\/i0.wp.com\/www.o-p-i.fr\/parlonsen\/wp-content\/uploads\/larche.jpg?resize=150%2C150&amp;ssl=1 150w, https:\/\/i0.wp.com\/www.o-p-i.fr\/parlonsen\/wp-content\/uploads\/larche.jpg?resize=300%2C300&amp;ssl=1 300w, https:\/\/i0.wp.com\/www.o-p-i.fr\/parlonsen\/wp-content\/uploads\/larche.jpg?resize=400%2C400&amp;ssl=1 400w\" sizes=\"auto, (max-width: 482px) 100vw, 482px\" \/>Ce conte de No\u00ebl \u00e9voque l&rsquo;accomplissement d&rsquo;une mission divine confi\u00e9e \u00e0 Germaine : accueillir dans la for\u00eat pour les sauver les animaux d\u00e9sireux de s&rsquo;\u00e9manciper de leurs conditions de travail au cirque.<\/p>\n<p>Pour acc\u00e9der \u00e0 l&rsquo;arche, les animaux vont devoir accomplir un dernier num\u00e9ro sous l&rsquo;\u0153il approbateur ou non des spectateurs boost\u00e9s par l&rsquo;ange Oliver, patron des automobilistes.<\/p>\n<p>Un spectacle qui vous incitera \u00e0 retrouver votre \u00e2me d&rsquo;enfant !<br \/>\nAvec en premi\u00e8re partie \u00ab\u00a0Panique \u00e0 la maison de retraite Les Pissenlits\u00a0\u00bb&#8230; Emotion, chanson, po\u00e9sie et bons mots sont au rendez-vous de cette prestation coquine, d\u00e9lirante et inhabituelle&#8230; L&rsquo;ambiance particuli\u00e8re de cette prestation sera servie par les lecteurs du th\u00e9\u00e2tre de l&rsquo;Embellie.<\/p>\n<p>Conte de No\u00ebl pour adultes &#8211; Plein tarif 12\u20ac &#8211; Tarif r\u00e9duit 10\u20ac \u2013 Tarif mini 8\u20ac &#8211; Gratuit -6 ans<\/p>\n<p><em>Information communiqu\u00e9e par Chantal BEGHIN<\/em><\/p>\n<p><a href=\"https:\/\/www.o-p-i.fr\/parlonsen\/agenda\/\"><strong>Retrouvez tous les \u00e9v\u00e9nements dans l&rsquo;agenda !<\/strong><\/a><\/p>\n","protected":false},"excerpt":{"rendered":"<div class=\"mh-excerpt\">Samedi 2 d\u00e9cembre 2017 \u00e0 21h au th\u00e9\u00e2tre de l&rsquo;Embellie.<\/div>\n","protected":false},"author":4,"featured_media":0,"comment_status":"open","ping_status":"open","sticky":false,"template":"","format":"standard","meta":{"om_disable_all_campaigns":false,"advanced_seo_description":"","jetpack_seo_html_title":"","jetpack_seo_noindex":false,"_jetpack_memberships_contains_paid_content":false,"footnotes":"","_links_to":"","_links_to_target":""},"categories":[42,54,2951,775],"tags":[99,2736,2889],"class_list":{"0":"post-34390","1":"post","2":"type-post","3":"status-publish","4":"format-standard","6":"category-a-cote-de-chez-nous","7":"category-loisirs","8":"category-n-141-decembre-2017","9":"category-cest-noel","10":"tag-montauban","11":"tag-theatre-de-lembellie","12":"tag-contes"},"jetpack_featured_media_url":"","views":{"total":0,"cached_at":"","cached_date":1738347888},"jetpack_likes_enabled":true,"jetpack_sharing_enabled":true,"jetpack_shortlink":"https:\/\/wp.me\/pg7Wxj-8WG","jetpack-related-posts":[],"_links":{"self":[{"href":"https:\/\/www.o-p-i.fr\/parlonsen\/wp-json\/wp\/v2\/posts\/34390","targetHints":{"allow":["GET"]}}],"collection":[{"href":"https:\/\/www.o-p-i.fr\/parlonsen\/wp-json\/wp\/v2\/posts"}],"about":[{"href":"https:\/\/www.o-p-i.fr\/parlonsen\/wp-json\/wp\/v2\/types\/post"}],"author":[{"embeddable":true,"href":"https:\/\/www.o-p-i.fr\/parlonsen\/wp-json\/wp\/v2\/users\/4"}],"replies":[{"embeddable":true,"href":"https:\/\/www.o-p-i.fr\/parlonsen\/wp-json\/wp\/v2\/comments?post=34390"}],"version-history":[{"count":1,"href":"https:\/\/www.o-p-i.fr\/parlonsen\/wp-json\/wp\/v2\/posts\/34390\/revisions"}],"predecessor-version":[{"id":67226,"href":"https:\/\/www.o-p-i.fr\/parlonsen\/wp-json\/wp\/v2\/posts\/34390\/revisions\/67226"}],"wp:attachment":[{"href":"https:\/\/www.o-p-i.fr\/parlonsen\/wp-json\/wp\/v2\/media?parent=34390"}],"wp:term":[{"taxonomy":"category","embeddable":true,"href":"https:\/\/www.o-p-i.fr\/parlonsen\/wp-json\/wp\/v2\/categories?post=34390"},{"taxonomy":"post_tag","embeddable":true,"href":"https:\/\/www.o-p-i.fr\/parlonsen\/wp-json\/wp\/v2\/tags?post=34390"}],"curies":[{"name":"wp","href":"https:\/\/api.w.org\/{rel}","templated":true}]}}