{"id":34427,"date":"2017-11-28T15:25:57","date_gmt":"2017-11-28T14:25:57","guid":{"rendered":"\/parlonsen\/?p=34427"},"modified":"2017-12-05T18:50:14","modified_gmt":"2017-12-05T17:50:14","slug":"cine-monclar-le-programme-du-8-decembre-2017-au-2-janvier-2018","status":"publish","type":"post","link":"https:\/\/www.o-p-i.fr\/parlonsen\/localisation\/au-pays-des-tescous\/monclar\/cine-monclar-le-programme-du-8-decembre-2017-au-2-janvier-2018\/","title":{"rendered":"Cin\u00e9 Monclar, le programme du 8 d\u00e9cembre 2017 au 2 janvier 2018"},"content":{"rendered":"<p>Cin\u00e9 Monclar vous propose du\u00a08<strong>\u00a0d\u00e9cembre 2017 au 2 janvier 2018:<\/strong><br \/>\n<!--more--><span style=\"font-size: small;\"><br \/>\nLE SENS DE LA F\u00caTE<br \/>\nVendredi 8\u00a0 d\u00e9cembre 2017 \u00e0 20h30\u00a0<em>\u00a0<a href=\"http:\/\/www.allocine.fr\/video\/player_gen_cmedia=19573593&amp;cfilm=247291.html\" target=\"_blank\" rel=\"noopener noreferrer\">Pour voir la bande annonce, cliquez<\/a><\/em><\/span><\/p>\n<p>PADDINGTON 2<br \/>\nDimanche 10 d\u00e9cembre 2017 \u00e0\u00a016h.\u00a0<a href=\"http:\/\/www.allocine.fr\/video\/player_gen_cmedia=19575228&amp;cfilm=242201.html\" target=\"_blank\" rel=\"noopener noreferrer\"><em>Pour voir la bande annonce, cliquez<\/em><\/a><\/p>\n<p>EN ATTENDANT LES HIRONDELLES (VO)<br \/>\nMardi\u00a0 12 d\u00e9cembre 2017 \u00e0 20h30\u00a0<a href=\"http:\/\/www.allocine.fr\/video\/player_gen_cmedia=19574367&amp;cfilm=255511.html\" target=\"_blank\" rel=\"noopener noreferrer\"><em>Pour voir la bande annonce, cliquez<\/em><\/a><\/p>\n<p>JALOUSE<br \/>\nVendredi 15\u00a0 d\u00e9cembre 2017 \u00e0 20h30\u00a0<a href=\"http:\/\/www.allocine.fr\/video\/player_gen_cmedia=19573695&amp;cfilm=252872.html\" target=\"_blank\" rel=\"noopener noreferrer\"><em>Pour voir la bande annonce, cliquez<\/em><\/a><\/p>\n<p>L&rsquo;\u00c9TOILE DE NO\u00cbL<br \/>\nDimanche 17 d\u00e9cembre 2017 \u00e0 16h.\u00a0<a href=\"http:\/\/www.allocine.fr\/video\/player_gen_cmedia=19574636&amp;cfilm=248582.html\" target=\"_blank\" rel=\"noopener noreferrer\"><em>Pour voir la bande annonce, cliquez<\/em><\/a><\/p>\n<p>LE MUS\u00c9E DES MERVEILLES (VO)<br \/>\nMardi\u00a0 19 d\u00e9cembre 2017 \u00e0 20h30\u00a0<a href=\"http:\/\/www.allocine.fr\/video\/player_gen_cmedia=19574754&amp;cfilm=242866.html\" target=\"_blank\" rel=\"noopener noreferrer\"><em>Pour voir la bande annonce, cliquez<\/em><\/a><\/p>\n<p>LE BRIO<br \/>\nVendredi 22\u00a0 d\u00e9cembre 2017 \u00e0 20h30\u00a0<a href=\"http:\/\/www.allocine.fr\/video\/player_gen_cmedia=19574319&amp;cfilm=251711.html\" target=\"_blank\" rel=\"noopener noreferrer\"><em>Pour voir la bande annonce, cliquez<\/em><\/a><\/p>\n<p>FERDINAND<br \/>\nDimanche\u00a024 d\u00e9cembre 2017 \u00e0\u00a016h.\u00a0<a href=\"http:\/\/www.allocine.fr\/video\/player_gen_cmedia=19575198&amp;cfilm=190653.html\" target=\"_blank\" rel=\"noopener noreferrer\"><em>Pour voir la bande annonce, cliquez<\/em><\/a><\/p>\n<p>SEULE LA TERRE (VO)<br \/>\nMardi\u00a0 26\u00a0d\u00e9cembre 2017 \u00e0 20h30\u00a0<a href=\"http:\/\/www.allocine.fr\/video\/player_gen_cmedia=19573635&amp;cfilm=252185.html\" target=\"_blank\" rel=\"noopener noreferrer\"><em>Pour voir la bande annonce, cliquez<\/em><\/a><\/p>\n<p>PLONGER<br \/>\nVendredi 29\u00a0 d\u00e9cembre 2017 \u00e0 20h30\u00a0<a href=\"http:\/\/www.allocine.fr\/video\/player_gen_cmedia=19575007&amp;cfilm=229511.html\" target=\"_blank\" rel=\"noopener noreferrer\"><em>Pour voir la bande annonce, cliquez<\/em><\/a><\/p>\n<p>FERDINAND<br \/>\nDimanche\u00a031 d\u00e9cembre 2017 \u00e0\u00a016h.\u00a0<a href=\"http:\/\/www.allocine.fr\/video\/player_gen_cmedia=19575198&amp;cfilm=190653.html\" target=\"_blank\" rel=\"noopener noreferrer\"><em>Pour voir la bande annonce, cliquez<\/em><\/a><\/p>\n<p>WESTERN (VO)<br \/>\nMardi 2 janvier 2018 \u00e0 20h30\u00a0<a href=\"http:\/\/www.allocine.fr\/video\/player_gen_cmedia=19571663&amp;cfilm=255506.html\" target=\"_blank\" rel=\"noopener noreferrer\"><em>Pour voir la bande annonce, cliquez<\/em><\/a><\/p>\n<div><i>\u00ab\u00a0Le sens de la f\u00eate\u00a0\u00bb<\/i>\u00a0est sorti d\u00e9but octobre mais s&rsquo;il\u00a0 est au programm\u00e9 en d\u00e9cembre, c&rsquo;est parce que nous avions regrett\u00e9 de ne pas l&rsquo;avoir eu.<\/div>\n<div><i>\u00ab\u00a0Ferdinand\u00a0\u00bb\u00a0<\/i>est programm\u00e9 deux fois, ce n&rsquo;est pas une erreur, mais une obligation pour Cin\u00e9fol 31 (notre exploitant associatif) de le projeter beaucoup pour pouvoir l&rsquo;obtenir.<\/div>\n<div><\/div>\n<div>\n<p>Pour t\u00e9l\u00e9charger le programme d\u00e9taill\u00e9, cliquez:\u00a0<strong><a href=\"https:\/\/www.o-p-i.fr\/parlonsen\/wp-content\/uploads\/Num\u00e9rique-n\u00b057.pdf\">Num\u00e9rique n\u00b057<\/a><\/strong><\/p>\n<p><em>Information communiqu\u00e9e par Jacques TREPAGNY<\/em><\/p>\n<p><a href=\"https:\/\/www.o-p-i.fr\/parlonsen\/agenda\/\"><strong>Retrouvez tous les \u00e9v\u00e9nements dans l\u2019agenda !<\/strong><\/a><\/p>\n<\/div>\n<div><\/div>\n<div><\/div>\n","protected":false},"excerpt":{"rendered":"<div class=\"mh-excerpt\">Cin\u00e9 Monclar vous propose du\u00a08\u00a0d\u00e9cembre 2017 au 2 janvier 2018:<\/div>\n","protected":false},"author":4,"featured_media":0,"comment_status":"open","ping_status":"open","sticky":false,"template":"","format":"standard","meta":{"om_disable_all_campaigns":false,"advanced_seo_description":"","jetpack_seo_html_title":"","jetpack_seo_noindex":false,"_jetpack_memberships_contains_paid_content":false,"footnotes":"","_links_to":"","_links_to_target":""},"categories":[16,54,2951],"tags":[92,143,1766,1833,2998],"class_list":{"0":"post-34427","1":"post","2":"type-post","3":"status-publish","4":"format-standard","6":"category-monclar","7":"category-loisirs","8":"category-n-141-decembre-2017","9":"tag-cine","10":"tag-monclar-de-quercy","11":"tag-cinema","12":"tag-programme-cinema","13":"tag-cine-monclar"},"jetpack_featured_media_url":"","views":{"total":0,"cached_at":"","cached_date":1738290094},"jetpack_likes_enabled":true,"jetpack_sharing_enabled":true,"jetpack_shortlink":"https:\/\/wp.me\/pg7Wxj-8Xh","jetpack-related-posts":[],"_links":{"self":[{"href":"https:\/\/www.o-p-i.fr\/parlonsen\/wp-json\/wp\/v2\/posts\/34427","targetHints":{"allow":["GET"]}}],"collection":[{"href":"https:\/\/www.o-p-i.fr\/parlonsen\/wp-json\/wp\/v2\/posts"}],"about":[{"href":"https:\/\/www.o-p-i.fr\/parlonsen\/wp-json\/wp\/v2\/types\/post"}],"author":[{"embeddable":true,"href":"https:\/\/www.o-p-i.fr\/parlonsen\/wp-json\/wp\/v2\/users\/4"}],"replies":[{"embeddable":true,"href":"https:\/\/www.o-p-i.fr\/parlonsen\/wp-json\/wp\/v2\/comments?post=34427"}],"version-history":[{"count":0,"href":"https:\/\/www.o-p-i.fr\/parlonsen\/wp-json\/wp\/v2\/posts\/34427\/revisions"}],"wp:attachment":[{"href":"https:\/\/www.o-p-i.fr\/parlonsen\/wp-json\/wp\/v2\/media?parent=34427"}],"wp:term":[{"taxonomy":"category","embeddable":true,"href":"https:\/\/www.o-p-i.fr\/parlonsen\/wp-json\/wp\/v2\/categories?post=34427"},{"taxonomy":"post_tag","embeddable":true,"href":"https:\/\/www.o-p-i.fr\/parlonsen\/wp-json\/wp\/v2\/tags?post=34427"}],"curies":[{"name":"wp","href":"https:\/\/api.w.org\/{rel}","templated":true}]}}