{"id":34435,"date":"2017-11-29T14:06:20","date_gmt":"2017-11-29T13:06:20","guid":{"rendered":"\/parlonsen\/?p=34435"},"modified":"2025-11-12T00:41:00","modified_gmt":"2025-11-11T23:41:00","slug":"marche-de-noel-a-bioule-82","status":"publish","type":"post","link":"https:\/\/www.o-p-i.fr\/parlonsen\/localisation\/a-cote-de-chez-nous\/bioule\/marche-de-noel-a-bioule-82\/","title":{"rendered":"March\u00e9 de No\u00ebl&#8230;\u00e0 Bioule (82)"},"content":{"rendered":"<p><strong>Dimanche 10 d\u00e9cembre 2017<\/strong>, \u00e0 la salle des f\u00eates.<br \/>\n<!--more--><\/p>\n<p><img data-recalc-dims=\"1\" loading=\"lazy\" decoding=\"async\" class=\"aligncenter size-full wp-image-34437\" src=\"https:\/\/i0.wp.com\/www.o-p-i.fr\/parlonsen\/wp-content\/uploads\/Bioule-Noel.jpg?resize=567%2C1108&#038;ssl=1\" alt=\"\" width=\"567\" height=\"1108\" srcset=\"https:\/\/i0.wp.com\/www.o-p-i.fr\/parlonsen\/wp-content\/uploads\/Bioule-Noel.jpg?w=567&amp;ssl=1 567w, https:\/\/i0.wp.com\/www.o-p-i.fr\/parlonsen\/wp-content\/uploads\/Bioule-Noel.jpg?resize=154%2C300&amp;ssl=1 154w, https:\/\/i0.wp.com\/www.o-p-i.fr\/parlonsen\/wp-content\/uploads\/Bioule-Noel.jpg?resize=524%2C1024&amp;ssl=1 524w, https:\/\/i0.wp.com\/www.o-p-i.fr\/parlonsen\/wp-content\/uploads\/Bioule-Noel.jpg?resize=77%2C150&amp;ssl=1 77w, https:\/\/i0.wp.com\/www.o-p-i.fr\/parlonsen\/wp-content\/uploads\/Bioule-Noel.jpg?resize=400%2C782&amp;ssl=1 400w\" sizes=\"auto, (max-width: 567px) 100vw, 567px\" \/><\/p>\n<p><img data-recalc-dims=\"1\" loading=\"lazy\" decoding=\"async\" class=\"alignright size-full wp-image-34451\" src=\"https:\/\/i0.wp.com\/www.o-p-i.fr\/parlonsen\/wp-content\/uploads\/Bioule-Noel-2.jpg?resize=340%2C166&#038;ssl=1\" alt=\"\" width=\"340\" height=\"166\" srcset=\"https:\/\/i0.wp.com\/www.o-p-i.fr\/parlonsen\/wp-content\/uploads\/Bioule-Noel-2.jpg?w=340&amp;ssl=1 340w, https:\/\/i0.wp.com\/www.o-p-i.fr\/parlonsen\/wp-content\/uploads\/Bioule-Noel-2.jpg?resize=300%2C146&amp;ssl=1 300w, https:\/\/i0.wp.com\/www.o-p-i.fr\/parlonsen\/wp-content\/uploads\/Bioule-Noel-2.jpg?resize=150%2C73&amp;ssl=1 150w\" sizes=\"auto, (max-width: 340px) 100vw, 340px\" \/>\u00a0L\u2019Association des Parents d\u2019\u00e9l\u00e8ves de l\u2019\u00e9cole de Bioule reconduit une journ\u00e9e qui lui tient particuli\u00e8rement \u00e0 c\u0153ur\u00a0: <strong>le march\u00e9 de No\u00ebl.<\/strong><br \/>\nCette ann\u00e9e, il se d\u00e9roulera le Dimanche 10 D\u00e9cembre, de 9h \u00e0 17h, \u00e0 la salle des f\u00eates de Bioule. A 11h, les enfants nous raviront avec leurs chants de No\u00ebl pr\u00e9par\u00e9s en classe, avec la complicit\u00e9 des enseignants. Les plus petits pourront aller donner leur liste de No\u00ebl au p\u00e8re No\u00ebl, qui sera ravi de prendre un instant pour une photo souvenir. Ils auront le bonheur de pouvoir faire un petit tour en cal\u00e8che ou \u00e0 dos d\u2019\u00e2nes ou de poneys. Les plus grands pourront se promener dans les all\u00e9es du march\u00e9 de No\u00ebl o\u00f9 de nombreux exposants seront install\u00e9s. Vous y trouverez certainement le petit cadeau de derni\u00e8re minute.<br \/>\nDe plus, vous aurez la possibilit\u00e9 de prendre votre temps en sirotant une soupe \u00e0 l\u2019oignons pour les plus sages ou un verre de vin chaud pour les plus frileux. Cette journ\u00e9e familiale permet de retrouver l\u2019esprit de No\u00ebl un peu avant l\u2019heure. Nous vous esp\u00e9rons nombreux\u00a0!!!<br \/>\nPour plus de renseignements, vous pouvez nous contacter au 06 07 40 43 45 (Anne).<\/p>\n<p><em>Information communiqu\u00e9e par Anne SCHAELDERLE<\/em><\/p>\n<p><a href=\"https:\/\/www.o-p-i.fr\/parlonsen\/agenda\/\"><strong>Retrouvez tous les \u00e9v\u00e9nements dans l&rsquo;agenda !<\/strong><\/a><\/p>\n","protected":false},"excerpt":{"rendered":"<div class=\"mh-excerpt\">Dimanche 10 d\u00e9cembre 2017, \u00e0 la salle des f\u00eates.<\/div>\n","protected":false},"author":4,"featured_media":0,"comment_status":"open","ping_status":"open","sticky":false,"template":"","format":"standard","meta":{"om_disable_all_campaigns":false,"advanced_seo_description":"","jetpack_seo_html_title":"","jetpack_seo_noindex":false,"_jetpack_memberships_contains_paid_content":false,"footnotes":"","_links_to":"","_links_to_target":""},"categories":[40,54,2951,775],"tags":[585,757,2999],"class_list":{"0":"post-34435","1":"post","2":"type-post","3":"status-publish","4":"format-standard","6":"category-bioule","7":"category-loisirs","8":"category-n-141-decembre-2017","9":"category-cest-noel","10":"tag-promenade-en-caleche","11":"tag-marche-de-noel","12":"tag-poneys"},"jetpack_featured_media_url":"","views":{"total":1,"cached_at":"","cached_date":1738474316},"jetpack_likes_enabled":true,"jetpack_sharing_enabled":true,"jetpack_shortlink":"https:\/\/wp.me\/pg7Wxj-8Xp","jetpack-related-posts":[],"_links":{"self":[{"href":"https:\/\/www.o-p-i.fr\/parlonsen\/wp-json\/wp\/v2\/posts\/34435","targetHints":{"allow":["GET"]}}],"collection":[{"href":"https:\/\/www.o-p-i.fr\/parlonsen\/wp-json\/wp\/v2\/posts"}],"about":[{"href":"https:\/\/www.o-p-i.fr\/parlonsen\/wp-json\/wp\/v2\/types\/post"}],"author":[{"embeddable":true,"href":"https:\/\/www.o-p-i.fr\/parlonsen\/wp-json\/wp\/v2\/users\/4"}],"replies":[{"embeddable":true,"href":"https:\/\/www.o-p-i.fr\/parlonsen\/wp-json\/wp\/v2\/comments?post=34435"}],"version-history":[{"count":1,"href":"https:\/\/www.o-p-i.fr\/parlonsen\/wp-json\/wp\/v2\/posts\/34435\/revisions"}],"predecessor-version":[{"id":67521,"href":"https:\/\/www.o-p-i.fr\/parlonsen\/wp-json\/wp\/v2\/posts\/34435\/revisions\/67521"}],"wp:attachment":[{"href":"https:\/\/www.o-p-i.fr\/parlonsen\/wp-json\/wp\/v2\/media?parent=34435"}],"wp:term":[{"taxonomy":"category","embeddable":true,"href":"https:\/\/www.o-p-i.fr\/parlonsen\/wp-json\/wp\/v2\/categories?post=34435"},{"taxonomy":"post_tag","embeddable":true,"href":"https:\/\/www.o-p-i.fr\/parlonsen\/wp-json\/wp\/v2\/tags?post=34435"}],"curies":[{"name":"wp","href":"https:\/\/api.w.org\/{rel}","templated":true}]}}