{"id":34462,"date":"2017-11-30T14:31:27","date_gmt":"2017-11-30T13:31:27","guid":{"rendered":"\/parlonsen\/?p=34462"},"modified":"2025-11-09T14:28:19","modified_gmt":"2025-11-09T13:28:19","slug":"chantons-noel-a-st-etienne-de-tulmont-et-montauban-82","status":"publish","type":"post","link":"https:\/\/www.o-p-i.fr\/parlonsen\/localisation\/a-cote-de-chez-nous\/chantons-noel-a-st-etienne-de-tulmont-et-montauban-82\/","title":{"rendered":"\u00ab\u00a0Chantons No\u00ebl\u00a0\u00bb&#8230;\u00e0 St Etienne de Tulmont et Montauban (82)"},"content":{"rendered":"<p><strong>Dimanche 17 d\u00e9cembre 2017<\/strong> \u00e0 Saint Etienne de Tulmont et <strong>vendredi 22 d\u00e9cembre 2017<\/strong> \u00e0 Montauban<br \/>\n<!--more--><\/p>\n<p><img data-recalc-dims=\"1\" loading=\"lazy\" decoding=\"async\" class=\"aligncenter wp-image-34463\" src=\"https:\/\/i0.wp.com\/www.o-p-i.fr\/parlonsen\/wp-content\/uploads\/chantons.jpg?resize=750%2C529&#038;ssl=1\" alt=\"\" width=\"750\" height=\"529\" srcset=\"https:\/\/i0.wp.com\/www.o-p-i.fr\/parlonsen\/wp-content\/uploads\/chantons.jpg?w=632&amp;ssl=1 632w, https:\/\/i0.wp.com\/www.o-p-i.fr\/parlonsen\/wp-content\/uploads\/chantons.jpg?resize=300%2C212&amp;ssl=1 300w, https:\/\/i0.wp.com\/www.o-p-i.fr\/parlonsen\/wp-content\/uploads\/chantons.jpg?resize=150%2C106&amp;ssl=1 150w, https:\/\/i0.wp.com\/www.o-p-i.fr\/parlonsen\/wp-content\/uploads\/chantons.jpg?resize=400%2C282&amp;ssl=1 400w\" sizes=\"auto, (max-width: 750px) 100vw, 750px\" \/><\/p>\n<p><em>Information communiqu\u00e9e par Sonia ALEJOS MOLINA<\/em><\/p>\n<p><a href=\"https:\/\/www.o-p-i.fr\/parlonsen\/agenda\/\"><strong>Retrouvez tous les \u00e9v\u00e9nements dans l&rsquo;agenda !<\/strong><\/a><\/p>\n","protected":false},"excerpt":{"rendered":"<div class=\"mh-excerpt\">Dimanche 17 d\u00e9cembre 2017 \u00e0 Saint Etienne de Tulmont et vendredi 22 d\u00e9cembre 2017 \u00e0 Montauban<\/div>\n","protected":false},"author":4,"featured_media":0,"comment_status":"open","ping_status":"open","sticky":false,"template":"","format":"standard","meta":{"om_disable_all_campaigns":false,"advanced_seo_description":"","jetpack_seo_html_title":"","jetpack_seo_noindex":false,"_jetpack_memberships_contains_paid_content":false,"footnotes":"","_links_to":"","_links_to_target":""},"categories":[42,54,2951,775],"tags":[43,203,1792,2762,3890],"class_list":{"0":"post-34462","1":"post","2":"type-post","3":"status-publish","4":"format-standard","6":"category-a-cote-de-chez-nous","7":"category-loisirs","8":"category-n-141-decembre-2017","9":"category-cest-noel","10":"tag-concert","11":"tag-saint-etienne-de-tulmont","12":"tag-chant-polyphonique","13":"tag-motauban","14":"tag-chorales"},"jetpack_featured_media_url":"","views":{"total":1,"cached_at":"","cached_date":1738264623},"jetpack_likes_enabled":true,"jetpack_sharing_enabled":true,"jetpack_shortlink":"https:\/\/wp.me\/pg7Wxj-8XQ","jetpack-related-posts":[],"_links":{"self":[{"href":"https:\/\/www.o-p-i.fr\/parlonsen\/wp-json\/wp\/v2\/posts\/34462","targetHints":{"allow":["GET"]}}],"collection":[{"href":"https:\/\/www.o-p-i.fr\/parlonsen\/wp-json\/wp\/v2\/posts"}],"about":[{"href":"https:\/\/www.o-p-i.fr\/parlonsen\/wp-json\/wp\/v2\/types\/post"}],"author":[{"embeddable":true,"href":"https:\/\/www.o-p-i.fr\/parlonsen\/wp-json\/wp\/v2\/users\/4"}],"replies":[{"embeddable":true,"href":"https:\/\/www.o-p-i.fr\/parlonsen\/wp-json\/wp\/v2\/comments?post=34462"}],"version-history":[{"count":1,"href":"https:\/\/www.o-p-i.fr\/parlonsen\/wp-json\/wp\/v2\/posts\/34462\/revisions"}],"predecessor-version":[{"id":67109,"href":"https:\/\/www.o-p-i.fr\/parlonsen\/wp-json\/wp\/v2\/posts\/34462\/revisions\/67109"}],"wp:attachment":[{"href":"https:\/\/www.o-p-i.fr\/parlonsen\/wp-json\/wp\/v2\/media?parent=34462"}],"wp:term":[{"taxonomy":"category","embeddable":true,"href":"https:\/\/www.o-p-i.fr\/parlonsen\/wp-json\/wp\/v2\/categories?post=34462"},{"taxonomy":"post_tag","embeddable":true,"href":"https:\/\/www.o-p-i.fr\/parlonsen\/wp-json\/wp\/v2\/tags?post=34462"}],"curies":[{"name":"wp","href":"https:\/\/api.w.org\/{rel}","templated":true}]}}