{"id":34465,"date":"2017-11-30T15:03:12","date_gmt":"2017-11-30T14:03:12","guid":{"rendered":"\/parlonsen\/?p=34465"},"modified":"2017-11-30T15:20:46","modified_gmt":"2017-11-30T14:20:46","slug":"en-decembre-2017-au-colombier-cordes-sur-ciel-81","status":"publish","type":"post","link":"https:\/\/www.o-p-i.fr\/parlonsen\/localisation\/a-cote-de-chez-nous\/en-decembre-2017-au-colombier-cordes-sur-ciel-81\/","title":{"rendered":"En d\u00e9cembre 2017 au \u00ab\u00a0Colombier\u00a0\u00bb&#8230; Cordes sur Ciel (81)"},"content":{"rendered":"<p>En <strong>d\u00e9cembre 2017<\/strong>, cin\u00e9ma, chants et th\u00e9\u00e2tre &#8230;.<!--more--><\/p>\n<ul>\n<li><strong><img data-recalc-dims=\"1\" loading=\"lazy\" decoding=\"async\" class=\"alignright wp-image-34466 size-medium\" src=\"https:\/\/i0.wp.com\/www.o-p-i.fr\/parlonsen\/wp-content\/uploads\/Knock.jpg?resize=257%2C300&#038;ssl=1\" alt=\"\" width=\"257\" height=\"300\" srcset=\"https:\/\/i0.wp.com\/www.o-p-i.fr\/parlonsen\/wp-content\/uploads\/Knock.jpg?resize=257%2C300&amp;ssl=1 257w, https:\/\/i0.wp.com\/www.o-p-i.fr\/parlonsen\/wp-content\/uploads\/Knock.jpg?resize=128%2C150&amp;ssl=1 128w, https:\/\/i0.wp.com\/www.o-p-i.fr\/parlonsen\/wp-content\/uploads\/Knock.jpg?resize=400%2C468&amp;ssl=1 400w, https:\/\/i0.wp.com\/www.o-p-i.fr\/parlonsen\/wp-content\/uploads\/Knock.jpg?w=425&amp;ssl=1 425w\" sizes=\"auto, (max-width: 257px) 100vw, 257px\" \/>Jeudi 7 d\u00e9cembre 2017 \u00e0 20 h 30<\/strong><\/li>\n<\/ul>\n<p>CINEMA AU COLOMBIER<\/p>\n<p>Pour tenter de r\u00e9pondre \u00e0 une demande d\u00e9j\u00e0 ancienne de la part des cin\u00e9philes, nous allons essayer de programmer d\u00e9sormais au Colombier les films habituellement propos\u00e9s dans la salle de projection des Cabannes. Si l&rsquo;essai du jeudi 7 d\u00e9cembre est concluant, tout le monde y gagnera en confort visuel et en confort d&rsquo;\u00e9coute.<\/p>\n<p>KNOCK<\/p>\n<p>de Lorraine Levy, avec Omar Sy, Alex Lutz, Ana Girardot<br \/>\nFrance \u2013 com\u00e9die \u2013 1 h 53<\/p>\n<p>Knock, un ex-filou repenti devenu m\u00e9decin dipl\u00f4m\u00e9, arrive dans le petit village de Saint-Maurice pour appliquer une \u00ab m\u00e9thode \u00bb destin\u00e9e \u00e0 faire sa fortune : il va convaincre la population que tout bien portant est un malade qui s&rsquo;ignore. Et pour cela, trouver \u00e0 chacun la maladie r\u00e9elle ou imaginaire dont il souffre. Pass\u00e9 maitre dans l&rsquo;art de la s\u00e9duction et de la manipulation, Knock est sur le point de parvenir \u00e0 ses fins. Mais il est rattrap\u00e9 par deux choses qu&rsquo;il n&rsquo;avait pas pr\u00e9vues : les sentiments du coeur et un sombre individu issu de son pass\u00e9 venu le faire chanter.<\/p>\n<p>Les tarifs d&rsquo;entr\u00e9e ne changent pas : 5 \u20ac (4 \u20ac pour les moins de 14 ans, les \u00e9tudiants et les demandeurs d&#8217;emploi).<\/p>\n<ul>\n<li><strong>Samedi 9 d\u00e9cembre 2017 \u00e0 21 h<\/strong><\/li>\n<\/ul>\n<p><img data-recalc-dims=\"1\" loading=\"lazy\" decoding=\"async\" class=\"alignleft size-full wp-image-34468\" src=\"https:\/\/i0.wp.com\/www.o-p-i.fr\/parlonsen\/wp-content\/uploads\/trio.jpg?resize=340%2C277&#038;ssl=1\" alt=\"\" width=\"340\" height=\"277\" srcset=\"https:\/\/i0.wp.com\/www.o-p-i.fr\/parlonsen\/wp-content\/uploads\/trio.jpg?w=340&amp;ssl=1 340w, https:\/\/i0.wp.com\/www.o-p-i.fr\/parlonsen\/wp-content\/uploads\/trio.jpg?resize=300%2C244&amp;ssl=1 300w, https:\/\/i0.wp.com\/www.o-p-i.fr\/parlonsen\/wp-content\/uploads\/trio.jpg?resize=150%2C122&amp;ssl=1 150w\" sizes=\"auto, (max-width: 340px) 100vw, 340px\" \/>TRIO TSATSALI<\/p>\n<p>Tsatsal\u00ec, p\u00e9tillant mot g\u00e9orgien qui signifie Un bout de toi.<br \/>\nP\u00e9tillantes et g\u00e9n\u00e9reuses, deux adjectifs qui d\u00e9finissent bien les trois chanteuses de ce trio vocal \u00e9clectique.<br \/>\nDe la rencontre de Simona Boni, chanteuse \u2013 danseuse, Karine Louis, chanteuse lyrique, et Anouk S\u00e9bert, chanteuse \u2013 com\u00e9dienne, na\u00eet un d\u00e9licieux cocktail de chants polyphoniques enrichi de jeu th\u00e9\u00e2tral, de danse, de moments clownesques et po\u00e9tiques.<br \/>\nBien loin de se faire de l&rsquo;ombre, les trois chanteuses de ce trio original se r\u00e9v\u00e8lent les unes les autres et nous montrent que les diff\u00e9rences, source de richesse, sont une n\u00e9cessit\u00e9.<br \/>\nUn voyage musical po\u00e9tique et tendrement \u00e9pic\u00e9 !<br \/>\nDe et avec:<br \/>\nSimona Boni, Anouk S\u00e9bert, Karine Louis<br \/>\nMise en sc\u00e8ne: Giovanni Dispenza<br \/>\nArrangements: Michel Steiner et Trio Tsatsali<\/p>\n<p>TOUT\u2008PUBLIC<br \/>\nTarifs : 10 \u20ac \/ 8\u20ac (Adh\u00e9rents, \u00e9tudiants et demandeurs d&#8217;emploi) \/ 4 \u20ac (Ados, Enfants).<\/p>\n<ul>\n<li><strong>Dimanche 10 d\u00e9cembre 2017<\/strong><\/li>\n<\/ul>\n<p><img data-recalc-dims=\"1\" loading=\"lazy\" decoding=\"async\" class=\"alignright size-full wp-image-34469\" src=\"https:\/\/i0.wp.com\/www.o-p-i.fr\/parlonsen\/wp-content\/uploads\/colomb-1.jpg?resize=474%2C333&#038;ssl=1\" alt=\"\" width=\"474\" height=\"333\" srcset=\"https:\/\/i0.wp.com\/www.o-p-i.fr\/parlonsen\/wp-content\/uploads\/colomb-1.jpg?w=474&amp;ssl=1 474w, https:\/\/i0.wp.com\/www.o-p-i.fr\/parlonsen\/wp-content\/uploads\/colomb-1.jpg?resize=300%2C211&amp;ssl=1 300w, https:\/\/i0.wp.com\/www.o-p-i.fr\/parlonsen\/wp-content\/uploads\/colomb-1.jpg?resize=150%2C105&amp;ssl=1 150w, https:\/\/i0.wp.com\/www.o-p-i.fr\/parlonsen\/wp-content\/uploads\/colomb-1.jpg?resize=400%2C281&amp;ssl=1 400w\" sizes=\"auto, (max-width: 474px) 100vw, 474px\" \/>Chien Bleu \u2013 Coyote Mauve<br \/>\nCie Modula Medulla<\/p>\n<p>Deux histoires qui se suivent, inspir\u00e9es des albums Jeunesse, s\u00e9lectionn\u00e9s par l&rsquo;\u00c9ducation Nationale, Chien Bleu, de Nadja, et Coyote Mauve, de Cornette.<br \/>\nCes histoires invitent l&rsquo;enfant au songe, \u00e0 la cr\u00e9ativit\u00e9, \u00e0 la curiosit\u00e9, \u00e0 la rencontre. La sc\u00e9nographie est simple, les com\u00e9diennes utilisent \u00e0 vue un r\u00e9troprojecteur pour cr\u00e9er lumi\u00e8res et ambiances, et le jeu clownesque am\u00e8ne en douceur l&rsquo;enfant au c\u0153ur des deux histoires. Th\u00e9\u00e2tre d&rsquo;objet, th\u00e9\u00e2tre gestuel, danse : ce spectacle m\u00eale diff\u00e9rentes formes th\u00e9\u00e2trales pour donner corps et sens \u00e0 son univers po\u00e9tique.<\/p>\n<p>Cr\u00e9ation et interpr\u00e9tation : Ga\u00eblle Levallois et Ana\u00efs Lairon-Reynier<br \/>\nRegards: B\u00e9atrice Barnole et Marie Bunod<\/p>\n<p>Spectacle jeune public \u00e0 partir de 4 ans Dur\u00e9e : 40 minutes<br \/>\nTarif unique Parents \/ Enfants : 5 \u20ac<\/p>\n<p>Th\u00e9\u00e2tre le Colombier<br \/>\n8 rue des Tanneries 81170 Les Cabannes &#8211; Cordes sur Ciel<br \/>\n07 83 26 33 11 &#8211; contact@theatrelecolombier.fr<br \/>\nwww.theatrelecolombier.fr<br \/>\nRESERVATIONS : 07 83 26 33 11<\/p>\n<p>Information communiqu\u00e9e par l&rsquo;\u00e9quipe du \u00ab\u00a0Colombier\u00a0\u00bb<\/p>\n<p><a href=\"https:\/\/www.o-p-i.fr\/parlonsen\/agenda\/\"><strong>Retrouvez tous les \u00e9v\u00e9nements dans l&rsquo;agenda !<\/strong><\/a><\/p>\n","protected":false},"excerpt":{"rendered":"<div class=\"mh-excerpt\">En d\u00e9cembre 2017, cin\u00e9ma, chants et th\u00e9\u00e2tre &#8230;.<\/div>\n","protected":false},"author":4,"featured_media":0,"comment_status":"open","ping_status":"open","sticky":false,"template":"","format":"standard","meta":{"om_disable_all_campaigns":false,"advanced_seo_description":"","jetpack_seo_html_title":"","jetpack_seo_noindex":false,"_jetpack_memberships_contains_paid_content":false,"footnotes":"","_links_to":"","_links_to_target":""},"categories":[42,54,2951],"tags":[754,1766,2097,2737,2846],"class_list":{"0":"post-34465","1":"post","2":"type-post","3":"status-publish","4":"format-standard","6":"category-a-cote-de-chez-nous","7":"category-loisirs","8":"category-n-141-decembre-2017","9":"tag-les-cabannes","10":"tag-cinema","11":"tag-cordes-sur-ciel","12":"tag-theatre-pour-enfants","13":"tag-le-colombier"},"jetpack_featured_media_url":"","views":{"total":0,"cached_at":"","cached_date":1738469982},"jetpack_likes_enabled":true,"jetpack_sharing_enabled":true,"jetpack_shortlink":"https:\/\/wp.me\/pg7Wxj-8XT","jetpack-related-posts":[],"_links":{"self":[{"href":"https:\/\/www.o-p-i.fr\/parlonsen\/wp-json\/wp\/v2\/posts\/34465","targetHints":{"allow":["GET"]}}],"collection":[{"href":"https:\/\/www.o-p-i.fr\/parlonsen\/wp-json\/wp\/v2\/posts"}],"about":[{"href":"https:\/\/www.o-p-i.fr\/parlonsen\/wp-json\/wp\/v2\/types\/post"}],"author":[{"embeddable":true,"href":"https:\/\/www.o-p-i.fr\/parlonsen\/wp-json\/wp\/v2\/users\/4"}],"replies":[{"embeddable":true,"href":"https:\/\/www.o-p-i.fr\/parlonsen\/wp-json\/wp\/v2\/comments?post=34465"}],"version-history":[{"count":0,"href":"https:\/\/www.o-p-i.fr\/parlonsen\/wp-json\/wp\/v2\/posts\/34465\/revisions"}],"wp:attachment":[{"href":"https:\/\/www.o-p-i.fr\/parlonsen\/wp-json\/wp\/v2\/media?parent=34465"}],"wp:term":[{"taxonomy":"category","embeddable":true,"href":"https:\/\/www.o-p-i.fr\/parlonsen\/wp-json\/wp\/v2\/categories?post=34465"},{"taxonomy":"post_tag","embeddable":true,"href":"https:\/\/www.o-p-i.fr\/parlonsen\/wp-json\/wp\/v2\/tags?post=34465"}],"curies":[{"name":"wp","href":"https:\/\/api.w.org\/{rel}","templated":true}]}}