{"id":34479,"date":"2017-11-30T18:38:24","date_gmt":"2017-11-30T17:38:24","guid":{"rendered":"\/parlonsen\/?p=34479"},"modified":"2025-11-09T14:28:18","modified_gmt":"2025-11-09T13:28:18","slug":"concert-de-noel-en-leglise-de-mezens-81","status":"publish","type":"post","link":"https:\/\/www.o-p-i.fr\/parlonsen\/localisation\/a-cote-de-chez-nous\/concert-de-noel-en-leglise-de-mezens-81\/","title":{"rendered":"Concert de No\u00ebl&#8230;en l&rsquo;\u00e9glise de M\u00e9zens (81)"},"content":{"rendered":"<p>Le<strong> Samedi 16 d\u00e9cembre 2017<\/strong>, \u00e0 20h.30.<!--more--><img data-recalc-dims=\"1\" loading=\"lazy\" decoding=\"async\" class=\"alignright size-full wp-image-34480\" src=\"https:\/\/i0.wp.com\/www.o-p-i.fr\/parlonsen\/wp-content\/uploads\/Mondelle.jpg?resize=425%2C201&#038;ssl=1\" alt=\"\" width=\"425\" height=\"201\" srcset=\"https:\/\/i0.wp.com\/www.o-p-i.fr\/parlonsen\/wp-content\/uploads\/Mondelle.jpg?w=425&amp;ssl=1 425w, https:\/\/i0.wp.com\/www.o-p-i.fr\/parlonsen\/wp-content\/uploads\/Mondelle.jpg?resize=300%2C142&amp;ssl=1 300w, https:\/\/i0.wp.com\/www.o-p-i.fr\/parlonsen\/wp-content\/uploads\/Mondelle.jpg?resize=150%2C71&amp;ssl=1 150w, https:\/\/i0.wp.com\/www.o-p-i.fr\/parlonsen\/wp-content\/uploads\/Mondelle.jpg?resize=400%2C189&amp;ssl=1 400w\" sizes=\"auto, (max-width: 425px) 100vw, 425px\" \/>Avec le \u00a0\u00bb GROUPE VOCAL DE MONDELLE \u00a0\u00bb de St sulpice et \u00a0\u00bb BONNEFOY EN CHOEUR \u00a0\u00bb de Toulouse,deux chorales dirig\u00e9es par St\u00e9phane Berrone, Concert de No\u00ebl\u00a0en l&rsquo;\u00e9glise de M\u00e9zens.<br \/>\nLes choristes seront accompagn\u00e9s par un ensemble instrumental de quinze musiciens:\u00a0 cordes , guitares et piano.<br \/>\nLe programme ira de la Renaissance \u00e0 la Chanson Fran\u00e7aise \u2026<\/p>\n<p><a href=\"http:\/\/www.lepindesarts.fr\/\" target=\"_blank\" rel=\"noopener noreferrer\"><img data-recalc-dims=\"1\" loading=\"lazy\" decoding=\"async\" class=\"\" src=\"https:\/\/i0.wp.com\/www.lepindesarts.fr\/wp-content\/uploads\/2014\/06\/pin_des_arts_logo21-600x292.jpg?resize=318%2C155\" width=\"318\" height=\"155\" \/><\/a><\/p>\n<p><em>Information communiqu\u00e9e par l&rsquo;\u00e9quipe de \u00ab\u00a0Le Pin des Arts\u00a0\u00bb<\/em><br \/>\n<a href=\"https:\/\/www.o-p-i.fr\/parlonsen\/agenda\/\"><strong>Retrouvez tous les \u00e9v\u00e9nements dans l&rsquo;agenda !<\/strong><\/a><\/p>\n","protected":false},"excerpt":{"rendered":"<div class=\"mh-excerpt\">Le Samedi 16 d\u00e9cembre 2017, \u00e0 20h.30.<\/div>\n","protected":false},"author":4,"featured_media":0,"comment_status":"open","ping_status":"open","sticky":false,"template":"","format":"standard","meta":{"om_disable_all_campaigns":false,"advanced_seo_description":"","jetpack_seo_html_title":"","jetpack_seo_noindex":false,"_jetpack_memberships_contains_paid_content":false,"footnotes":"","_links_to":"","_links_to_target":""},"categories":[42,54,2951,775],"tags":[43,2131,2952,2983,3890],"class_list":{"0":"post-34479","1":"post","2":"type-post","3":"status-publish","4":"format-standard","6":"category-a-cote-de-chez-nous","7":"category-loisirs","8":"category-n-141-decembre-2017","9":"category-cest-noel","10":"tag-concert","11":"tag-mezens","12":"tag-groupe-vocal","13":"tag-le-pin-des-arts","14":"tag-chorales"},"jetpack_featured_media_url":"","views":{"total":0,"cached_at":"","cached_date":1738272559},"jetpack_likes_enabled":true,"jetpack_sharing_enabled":true,"jetpack_shortlink":"https:\/\/wp.me\/pg7Wxj-8Y7","jetpack-related-posts":[],"_links":{"self":[{"href":"https:\/\/www.o-p-i.fr\/parlonsen\/wp-json\/wp\/v2\/posts\/34479","targetHints":{"allow":["GET"]}}],"collection":[{"href":"https:\/\/www.o-p-i.fr\/parlonsen\/wp-json\/wp\/v2\/posts"}],"about":[{"href":"https:\/\/www.o-p-i.fr\/parlonsen\/wp-json\/wp\/v2\/types\/post"}],"author":[{"embeddable":true,"href":"https:\/\/www.o-p-i.fr\/parlonsen\/wp-json\/wp\/v2\/users\/4"}],"replies":[{"embeddable":true,"href":"https:\/\/www.o-p-i.fr\/parlonsen\/wp-json\/wp\/v2\/comments?post=34479"}],"version-history":[{"count":1,"href":"https:\/\/www.o-p-i.fr\/parlonsen\/wp-json\/wp\/v2\/posts\/34479\/revisions"}],"predecessor-version":[{"id":67108,"href":"https:\/\/www.o-p-i.fr\/parlonsen\/wp-json\/wp\/v2\/posts\/34479\/revisions\/67108"}],"wp:attachment":[{"href":"https:\/\/www.o-p-i.fr\/parlonsen\/wp-json\/wp\/v2\/media?parent=34479"}],"wp:term":[{"taxonomy":"category","embeddable":true,"href":"https:\/\/www.o-p-i.fr\/parlonsen\/wp-json\/wp\/v2\/categories?post=34479"},{"taxonomy":"post_tag","embeddable":true,"href":"https:\/\/www.o-p-i.fr\/parlonsen\/wp-json\/wp\/v2\/tags?post=34479"}],"curies":[{"name":"wp","href":"https:\/\/api.w.org\/{rel}","templated":true}]}}