{"id":34518,"date":"2017-12-07T13:02:35","date_gmt":"2017-12-07T12:02:35","guid":{"rendered":"\/parlonsen\/?p=34518"},"modified":"2017-12-07T13:07:47","modified_gmt":"2017-12-07T12:07:47","slug":"le-petit-noel-a-genebrieres-82","status":"publish","type":"post","link":"https:\/\/www.o-p-i.fr\/parlonsen\/localisation\/au-pays-des-tescous\/genebrieres\/le-petit-noel-a-genebrieres-82\/","title":{"rendered":"Le \u00ab\u00a0petit No\u00ebl\u00a0\u00bb&#8230;\u00e0 Genebri\u00e8res (82)"},"content":{"rendered":"<p>Le <strong>samedi\u00a023 d\u00e9cembre 2017<\/strong>, de 14 heures \u00e0 19 heures,\u00a0\u00e0 la salle des f\u00eates.<!--more--><img data-recalc-dims=\"1\" loading=\"lazy\" decoding=\"async\" class=\"alignright size-medium wp-image-34519\" src=\"https:\/\/i0.wp.com\/www.o-p-i.fr\/parlonsen\/wp-content\/uploads\/P%C3%A8re-noel-gene.jpg?resize=267%2C300&#038;ssl=1\" alt=\"\" width=\"267\" height=\"300\" srcset=\"https:\/\/i0.wp.com\/www.o-p-i.fr\/parlonsen\/wp-content\/uploads\/P%C3%A8re-noel-gene.jpg?resize=267%2C300&amp;ssl=1 267w, https:\/\/i0.wp.com\/www.o-p-i.fr\/parlonsen\/wp-content\/uploads\/P%C3%A8re-noel-gene.jpg?resize=133%2C150&amp;ssl=1 133w, https:\/\/i0.wp.com\/www.o-p-i.fr\/parlonsen\/wp-content\/uploads\/P%C3%A8re-noel-gene.jpg?resize=400%2C450&amp;ssl=1 400w, https:\/\/i0.wp.com\/www.o-p-i.fr\/parlonsen\/wp-content\/uploads\/P%C3%A8re-noel-gene.jpg?w=425&amp;ssl=1 425w\" sizes=\"auto, (max-width: 267px) 100vw, 267px\" \/>Cette animation est organis\u00e9e par le Comit\u00e9 des F\u00eates de Genebri\u00e8res.<\/p>\n<p>Au programme:<\/p>\n<ul>\n<li>d\u00e8s 14 heures, arriv\u00e9e du P\u00e8re No\u00ebl sur sa cal\u00e8che,<\/li>\n<li>15 heures trente, liste de v\u0153ux sur les genoux du P\u00e8re No\u00ebl<\/li>\n<li>vers 16 heures, loterie organis\u00e9 par le Comit\u00e9 des F\u00eates<\/li>\n<li>et \u00e0 17 heures, visionnage du film \u00ab\u00a0les cinq l\u00e9gendes\u00a0\u00bb &#8230;<\/li>\n<\/ul>\n<p>On trouvera \u00e9galement sur place une buvette, alors venez profiter d&rsquo;une bonne apr\u00e8s-midi avec vos enfants et d&rsquo;un bon chocolat chaud et pourquoi pas une petite canne \u00e0 sucre &#8230;<\/p>\n<p>&nbsp;<\/p>\n<p><em>Information communiqu\u00e9e par le Comit\u00e9 des F\u00eates<\/em><\/p>\n<p><a href=\"https:\/\/www.o-p-i.fr\/parlonsen\/agenda\/\"><strong>Retrouvez tous les \u00e9v\u00e9nements dans l&rsquo;agenda !<\/strong><\/a><\/p>\n","protected":false},"excerpt":{"rendered":"<div class=\"mh-excerpt\">Le samedi\u00a023 d\u00e9cembre 2017, de 14 heures \u00e0 19 heures,\u00a0\u00e0 la salle des f\u00eates.<\/div>\n","protected":false},"author":4,"featured_media":0,"comment_status":"open","ping_status":"open","sticky":false,"template":"","format":"standard","meta":{"om_disable_all_campaigns":false,"advanced_seo_description":"","jetpack_seo_html_title":"","jetpack_seo_noindex":false,"_jetpack_memberships_contains_paid_content":false,"footnotes":"","_links_to":"","_links_to_target":""},"categories":[29,2951,775],"tags":[2991,2552],"class_list":{"0":"post-34518","1":"post","2":"type-post","3":"status-publish","4":"format-standard","6":"category-genebrieres","7":"category-n-141-decembre-2017","8":"category-cest-noel","9":"tag-pere-noel","10":"tag-genebrieres"},"jetpack_featured_media_url":"","views":{"total":0,"cached_at":"","cached_date":1738334302},"jetpack_likes_enabled":true,"jetpack_sharing_enabled":true,"jetpack_shortlink":"https:\/\/wp.me\/pg7Wxj-8YK","jetpack-related-posts":[],"_links":{"self":[{"href":"https:\/\/www.o-p-i.fr\/parlonsen\/wp-json\/wp\/v2\/posts\/34518","targetHints":{"allow":["GET"]}}],"collection":[{"href":"https:\/\/www.o-p-i.fr\/parlonsen\/wp-json\/wp\/v2\/posts"}],"about":[{"href":"https:\/\/www.o-p-i.fr\/parlonsen\/wp-json\/wp\/v2\/types\/post"}],"author":[{"embeddable":true,"href":"https:\/\/www.o-p-i.fr\/parlonsen\/wp-json\/wp\/v2\/users\/4"}],"replies":[{"embeddable":true,"href":"https:\/\/www.o-p-i.fr\/parlonsen\/wp-json\/wp\/v2\/comments?post=34518"}],"version-history":[{"count":0,"href":"https:\/\/www.o-p-i.fr\/parlonsen\/wp-json\/wp\/v2\/posts\/34518\/revisions"}],"wp:attachment":[{"href":"https:\/\/www.o-p-i.fr\/parlonsen\/wp-json\/wp\/v2\/media?parent=34518"}],"wp:term":[{"taxonomy":"category","embeddable":true,"href":"https:\/\/www.o-p-i.fr\/parlonsen\/wp-json\/wp\/v2\/categories?post=34518"},{"taxonomy":"post_tag","embeddable":true,"href":"https:\/\/www.o-p-i.fr\/parlonsen\/wp-json\/wp\/v2\/tags?post=34518"}],"curies":[{"name":"wp","href":"https:\/\/api.w.org\/{rel}","templated":true}]}}