{"id":34566,"date":"2017-12-21T11:55:09","date_gmt":"2017-12-21T10:55:09","guid":{"rendered":"\/parlonsen\/?p=34566"},"modified":"2017-12-21T11:55:36","modified_gmt":"2017-12-21T10:55:36","slug":"sortie-familles-a-la-montagne","status":"publish","type":"post","link":"https:\/\/www.o-p-i.fr\/parlonsen\/parlons-en\/pratique\/sortie-familles-a-la-montagne\/","title":{"rendered":"Sortie familles \u00e0 la montagne,"},"content":{"rendered":"<p>les <strong>10 et 11 f\u00e9vrier 2018<\/strong> \u00e0 Ascou Pailh\u00e8res<!--more--><\/p>\n<p><img data-recalc-dims=\"1\" loading=\"lazy\" decoding=\"async\" class=\"alignright size-medium wp-image-34572\" src=\"https:\/\/i0.wp.com\/www.o-p-i.fr\/parlonsen\/wp-content\/uploads\/Montagne-Ascou.jpg?resize=300%2C195&#038;ssl=1\" alt=\"\" width=\"300\" height=\"195\" srcset=\"https:\/\/i0.wp.com\/www.o-p-i.fr\/parlonsen\/wp-content\/uploads\/Montagne-Ascou.jpg?resize=300%2C195&amp;ssl=1 300w, https:\/\/i0.wp.com\/www.o-p-i.fr\/parlonsen\/wp-content\/uploads\/Montagne-Ascou.jpg?resize=150%2C97&amp;ssl=1 150w, https:\/\/i0.wp.com\/www.o-p-i.fr\/parlonsen\/wp-content\/uploads\/Montagne-Ascou.jpg?resize=400%2C259&amp;ssl=1 400w, https:\/\/i0.wp.com\/www.o-p-i.fr\/parlonsen\/wp-content\/uploads\/Montagne-Ascou.jpg?w=401&amp;ssl=1 401w\" sizes=\"auto, (max-width: 300px) 100vw, 300px\" \/>R\u00e9servez votre week-end \u00e0 la neige, en famille, du samedi matin au dimanche soir.<\/p>\n<p>Activit\u00e9s : luge, raquettes le samedi, visite des thermes d\u2019Ax ou ski alpin le dimanche. Transport en car.<\/p>\n<p>Tarifs (comprenant le transport en bus, les activit\u00e9s, l\u2019h\u00e9bergement en pension compl\u00e8te sauf le pique-nique samedi midi) :<br \/>\nDe 40\u20ac \u00e0 70\u20ac par adulte \u2013 de 35\u20ac \u00e0 55\u20ac par enfant, en fonction du quotient familial CAF. Contactez l\u2019association pour les autres situations.<\/p>\n<p>Pour voir le programme d\u00e9taill\u00e9, cliquez\u00a0<strong><a href=\"https:\/\/www.o-p-i.fr\/parlonsen\/wp-content\/uploads\/Descriptif-ski-2018.pdf\">Descriptif ski 2018<\/a><\/strong><\/p>\n<p>Pour t\u00e9l\u00e9charger le bulletin d&rsquo;inscription, cliquez:\u00a0<a href=\"https:\/\/www.o-p-i.fr\/parlonsen\/wp-content\/uploads\/fiche-inscription-2018-1.pdf\">f<strong>iche inscription 2018 (1)<\/strong><\/a><\/p>\n<p>Info et r\u00e9servation aupr\u00e8s d&rsquo;Emanuelle Dug\u00e8s:<br \/>\ncds@vaour.net &#8211; 05 63 56 39 23 &#8211; 06 51 64 48 28<\/p>\n<p><em>Information communiqu\u00e9e par Emmanuelle DUGES<\/em><\/p>\n<p><a href=\"https:\/\/www.o-p-i.fr\/parlonsen\/agenda\/\"><strong>Retrouvez tous les \u00e9v\u00e9nements dans l&rsquo;agenda !<\/strong><\/a><\/p>\n<p>&nbsp;<\/p>\n","protected":false},"excerpt":{"rendered":"<div class=\"mh-excerpt\">les 10 et 11 f\u00e9vrier 2018 \u00e0 Ascou Pailh\u00e8res<\/div>\n","protected":false},"author":4,"featured_media":0,"comment_status":"open","ping_status":"open","sticky":false,"template":"","format":"standard","meta":{"om_disable_all_campaigns":false,"advanced_seo_description":"","jetpack_seo_html_title":"","jetpack_seo_noindex":false,"_jetpack_memberships_contains_paid_content":false,"footnotes":"","_links_to":"","_links_to_target":""},"categories":[52,23,54,6,3006],"tags":[209,235,382,3007,3008],"class_list":{"0":"post-34566","1":"post","2":"type-post","3":"status-publish","4":"format-standard","6":"category-parlons-en","7":"category-au-dela-du-pays","8":"category-loisirs","9":"category-pratique","10":"category-n-143-fevrier-2018","11":"tag-ski","12":"tag-neige","13":"tag-familles-rurales","14":"tag-sejour","15":"tag-week-end-neige"},"jetpack_featured_media_url":"","views":{"total":0,"cached_at":"","cached_date":1738517430},"jetpack_likes_enabled":true,"jetpack_sharing_enabled":true,"jetpack_shortlink":"https:\/\/wp.me\/pg7Wxj-8Zw","jetpack-related-posts":[],"_links":{"self":[{"href":"https:\/\/www.o-p-i.fr\/parlonsen\/wp-json\/wp\/v2\/posts\/34566","targetHints":{"allow":["GET"]}}],"collection":[{"href":"https:\/\/www.o-p-i.fr\/parlonsen\/wp-json\/wp\/v2\/posts"}],"about":[{"href":"https:\/\/www.o-p-i.fr\/parlonsen\/wp-json\/wp\/v2\/types\/post"}],"author":[{"embeddable":true,"href":"https:\/\/www.o-p-i.fr\/parlonsen\/wp-json\/wp\/v2\/users\/4"}],"replies":[{"embeddable":true,"href":"https:\/\/www.o-p-i.fr\/parlonsen\/wp-json\/wp\/v2\/comments?post=34566"}],"version-history":[{"count":0,"href":"https:\/\/www.o-p-i.fr\/parlonsen\/wp-json\/wp\/v2\/posts\/34566\/revisions"}],"wp:attachment":[{"href":"https:\/\/www.o-p-i.fr\/parlonsen\/wp-json\/wp\/v2\/media?parent=34566"}],"wp:term":[{"taxonomy":"category","embeddable":true,"href":"https:\/\/www.o-p-i.fr\/parlonsen\/wp-json\/wp\/v2\/categories?post=34566"},{"taxonomy":"post_tag","embeddable":true,"href":"https:\/\/www.o-p-i.fr\/parlonsen\/wp-json\/wp\/v2\/tags?post=34566"}],"curies":[{"name":"wp","href":"https:\/\/api.w.org\/{rel}","templated":true}]}}