{"id":34593,"date":"2017-12-23T12:09:01","date_gmt":"2017-12-23T11:09:01","guid":{"rendered":"\/parlonsen\/?p=34593"},"modified":"2017-12-23T12:09:01","modified_gmt":"2017-12-23T11:09:01","slug":"reveillon-partage-occitan-a-monclar-de-quercy","status":"publish","type":"post","link":"https:\/\/www.o-p-i.fr\/parlonsen\/localisation\/au-pays-des-tescous\/monclar\/reveillon-partage-occitan-a-monclar-de-quercy\/","title":{"rendered":"R\u00e9veillon partage Occitan&#8230;\u00e0 Monclar de Quercy"},"content":{"rendered":"<p>Le <strong>dimanche 31 d\u00e9cembre 2017<\/strong> de 21h \u00e0 01h, \u00e0 la salle des f\u00eates<!--more--><\/p>\n<p><img data-recalc-dims=\"1\" loading=\"lazy\" decoding=\"async\" class=\"alignright size-medium wp-image-34594\" src=\"https:\/\/i0.wp.com\/www.o-p-i.fr\/parlonsen\/wp-content\/uploads\/2018.jpg?resize=300%2C300&#038;ssl=1\" alt=\"\" width=\"300\" height=\"300\" srcset=\"https:\/\/i0.wp.com\/www.o-p-i.fr\/parlonsen\/wp-content\/uploads\/2018.jpg?resize=300%2C300&amp;ssl=1 300w, https:\/\/i0.wp.com\/www.o-p-i.fr\/parlonsen\/wp-content\/uploads\/2018.jpg?resize=150%2C150&amp;ssl=1 150w, https:\/\/i0.wp.com\/www.o-p-i.fr\/parlonsen\/wp-content\/uploads\/2018.jpg?resize=400%2C400&amp;ssl=1 400w, https:\/\/i0.wp.com\/www.o-p-i.fr\/parlonsen\/wp-content\/uploads\/2018.jpg?w=567&amp;ssl=1 567w\" sizes=\"auto, (max-width: 300px) 100vw, 300px\" \/>Salle des f\u00eates, Boulevard des \u00e9coles<br \/>\n82230 Monclar-de-Quercy<\/p>\n<p><img data-recalc-dims=\"1\" loading=\"lazy\" decoding=\"async\" class=\"alignleft size-medium wp-image-34595\" src=\"https:\/\/i0.wp.com\/www.o-p-i.fr\/parlonsen\/wp-content\/uploads\/Occitania.jpg?resize=300%2C176&#038;ssl=1\" alt=\"\" width=\"300\" height=\"176\" srcset=\"https:\/\/i0.wp.com\/www.o-p-i.fr\/parlonsen\/wp-content\/uploads\/Occitania.jpg?resize=300%2C176&amp;ssl=1 300w, https:\/\/i0.wp.com\/www.o-p-i.fr\/parlonsen\/wp-content\/uploads\/Occitania.jpg?resize=150%2C88&amp;ssl=1 150w, https:\/\/i0.wp.com\/www.o-p-i.fr\/parlonsen\/wp-content\/uploads\/Occitania.jpg?resize=400%2C235&amp;ssl=1 400w, https:\/\/i0.wp.com\/www.o-p-i.fr\/parlonsen\/wp-content\/uploads\/Occitania.jpg?w=425&amp;ssl=1 425w\" sizes=\"auto, (max-width: 300px) 100vw, 300px\" \/>Entr\u00e9e : adultes 20 \u20ac &#8211; enfants 8 \u20ac<\/p>\n<p>Plus 1 plat sal\u00e9 ou sucr\u00e9<\/p>\n<p>Buvette et Restauration sur place<\/p>\n<p>R\u00e9servation conseill\u00e9e<\/p>\n<p>Anim\u00e9 par Occitania<\/p>\n<p>&nbsp;<\/p>\n<p>Renseignements et r\u00e9servations : 06.63.00.81.66 ou 05.63.66.15.94<\/p>\n<p><em>Communiqu\u00e9 par Jeanine ASTORG<\/em><\/p>\n<p>&nbsp;<\/p>\n","protected":false},"excerpt":{"rendered":"<div class=\"mh-excerpt\">Le dimanche 31 d\u00e9cembre 2017 de 21h \u00e0 01h, \u00e0 la salle des f\u00eates<\/div>\n","protected":false},"author":4,"featured_media":0,"comment_status":"open","ping_status":"open","sticky":false,"template":"","format":"standard","meta":{"om_disable_all_campaigns":false,"advanced_seo_description":"","jetpack_seo_html_title":"","jetpack_seo_noindex":false,"_jetpack_memberships_contains_paid_content":false,"footnotes":"","_links_to":"","_links_to_target":""},"categories":[16,54,2951],"tags":[143,176,838],"class_list":{"0":"post-34593","1":"post","2":"type-post","3":"status-publish","4":"format-standard","6":"category-monclar","7":"category-loisirs","8":"category-n-141-decembre-2017","9":"tag-monclar-de-quercy","10":"tag-reveillon","11":"tag-reveil-occitan"},"jetpack_featured_media_url":"","views":{"total":1,"cached_at":"","cached_date":1738517507},"jetpack_likes_enabled":true,"jetpack_sharing_enabled":true,"jetpack_shortlink":"https:\/\/wp.me\/pg7Wxj-8ZX","jetpack-related-posts":[],"_links":{"self":[{"href":"https:\/\/www.o-p-i.fr\/parlonsen\/wp-json\/wp\/v2\/posts\/34593","targetHints":{"allow":["GET"]}}],"collection":[{"href":"https:\/\/www.o-p-i.fr\/parlonsen\/wp-json\/wp\/v2\/posts"}],"about":[{"href":"https:\/\/www.o-p-i.fr\/parlonsen\/wp-json\/wp\/v2\/types\/post"}],"author":[{"embeddable":true,"href":"https:\/\/www.o-p-i.fr\/parlonsen\/wp-json\/wp\/v2\/users\/4"}],"replies":[{"embeddable":true,"href":"https:\/\/www.o-p-i.fr\/parlonsen\/wp-json\/wp\/v2\/comments?post=34593"}],"version-history":[{"count":0,"href":"https:\/\/www.o-p-i.fr\/parlonsen\/wp-json\/wp\/v2\/posts\/34593\/revisions"}],"wp:attachment":[{"href":"https:\/\/www.o-p-i.fr\/parlonsen\/wp-json\/wp\/v2\/media?parent=34593"}],"wp:term":[{"taxonomy":"category","embeddable":true,"href":"https:\/\/www.o-p-i.fr\/parlonsen\/wp-json\/wp\/v2\/categories?post=34593"},{"taxonomy":"post_tag","embeddable":true,"href":"https:\/\/www.o-p-i.fr\/parlonsen\/wp-json\/wp\/v2\/tags?post=34593"}],"curies":[{"name":"wp","href":"https:\/\/api.w.org\/{rel}","templated":true}]}}