{"id":34616,"date":"2017-12-28T21:14:25","date_gmt":"2017-12-28T20:14:25","guid":{"rendered":"\/parlonsen\/?p=34616"},"modified":"2017-12-28T21:14:46","modified_gmt":"2017-12-28T20:14:46","slug":"the-dansants-a-la-salvetat-belmontet-82","status":"publish","type":"post","link":"https:\/\/www.o-p-i.fr\/parlonsen\/localisation\/au-pays-des-tescous\/salvetat\/the-dansants-a-la-salvetat-belmontet-82\/","title":{"rendered":"Th\u00e9 dansants &#8230;\u00e0 La Salvetat Belmontet (82)"},"content":{"rendered":"<p>Les <strong>dimanches 21 janvier, 18 f\u00e9vrier et 18 mars 2018<\/strong>, \u00e0 la salle des f\u00eates de Saint Caprais.<!--more--><\/p>\n<figure id=\"attachment_34617\" aria-describedby=\"caption-attachment-34617\" style=\"width: 200px\" class=\"wp-caption alignright\"><img data-recalc-dims=\"1\" loading=\"lazy\" decoding=\"async\" class=\"size-medium wp-image-34617\" src=\"https:\/\/i0.wp.com\/www.o-p-i.fr\/parlonsen\/wp-content\/uploads\/Pyr%C3%A9n%C3%A9es-Musette.jpg?resize=200%2C300&#038;ssl=1\" alt=\"\" width=\"200\" height=\"300\" srcset=\"https:\/\/i0.wp.com\/www.o-p-i.fr\/parlonsen\/wp-content\/uploads\/Pyr%C3%A9n%C3%A9es-Musette.jpg?resize=200%2C300&amp;ssl=1 200w, https:\/\/i0.wp.com\/www.o-p-i.fr\/parlonsen\/wp-content\/uploads\/Pyr%C3%A9n%C3%A9es-Musette.jpg?resize=100%2C150&amp;ssl=1 100w, https:\/\/i0.wp.com\/www.o-p-i.fr\/parlonsen\/wp-content\/uploads\/Pyr%C3%A9n%C3%A9es-Musette.jpg?w=283&amp;ssl=1 283w\" sizes=\"auto, (max-width: 200px) 100vw, 200px\" \/><figcaption id=\"caption-attachment-34617\" class=\"wp-caption-text\">Pyr\u00e9n\u00e9es Musette<\/figcaption><\/figure>\n<p>L\u2019association <strong>YA K DANSER<\/strong> organise des th\u00e9s dansants \u00e0 la salle des f\u00eates de Saint Caprais, de 14h30 \u00e0 19h dont voici le programme :<\/p>\n<ul>\n<li>Dimanche 21 janvier 2018 : G\u00e9n\u00e9ration Musette<\/li>\n<li>Dimanche 18 f\u00e9vrier 2018 : Pyr\u00e9n\u00e9es Musette.<\/li>\n<li>Dimanche 18 mars 2018 : Gilles Saby.<\/li>\n<\/ul>\n<p>R\u00e9servations : Nanou Gayral 06 86 43 84 64 .<\/p>\n<p><em>Information communiqu\u00e9e par Robert LINAS<\/em><\/p>\n<p><a href=\"https:\/\/www.o-p-i.fr\/parlonsen\/agenda\/\"><strong>Retrouvez tous les \u00e9v\u00e9nements dans l&rsquo;agenda !<\/strong><\/a><\/p>\n","protected":false},"excerpt":{"rendered":"<div class=\"mh-excerpt\">Les dimanches 21 janvier, 18 f\u00e9vrier et 18 mars 2018, \u00e0 la salle des f\u00eates de Saint Caprais.<\/div>\n","protected":false},"author":4,"featured_media":0,"comment_status":"open","ping_status":"open","sticky":false,"template":"","format":"standard","meta":{"om_disable_all_campaigns":false,"advanced_seo_description":"","jetpack_seo_html_title":"","jetpack_seo_noindex":false,"_jetpack_memberships_contains_paid_content":false,"footnotes":"","_links_to":"","_links_to_target":""},"categories":[34,54,3004],"tags":[80,181,596,1763],"class_list":{"0":"post-34616","1":"post","2":"type-post","3":"status-publish","4":"format-standard","6":"category-salvetat","7":"category-loisirs","8":"category-n-142-janvier-2018","9":"tag-the-dansant","10":"tag-la-salvetat-belmontet","11":"tag-saint-caprais","12":"tag-bal-musette"},"jetpack_featured_media_url":"","views":{"total":3,"cached_at":"","cached_date":1738528244},"jetpack_likes_enabled":true,"jetpack_sharing_enabled":true,"jetpack_shortlink":"https:\/\/wp.me\/pg7Wxj-90k","jetpack-related-posts":[],"_links":{"self":[{"href":"https:\/\/www.o-p-i.fr\/parlonsen\/wp-json\/wp\/v2\/posts\/34616","targetHints":{"allow":["GET"]}}],"collection":[{"href":"https:\/\/www.o-p-i.fr\/parlonsen\/wp-json\/wp\/v2\/posts"}],"about":[{"href":"https:\/\/www.o-p-i.fr\/parlonsen\/wp-json\/wp\/v2\/types\/post"}],"author":[{"embeddable":true,"href":"https:\/\/www.o-p-i.fr\/parlonsen\/wp-json\/wp\/v2\/users\/4"}],"replies":[{"embeddable":true,"href":"https:\/\/www.o-p-i.fr\/parlonsen\/wp-json\/wp\/v2\/comments?post=34616"}],"version-history":[{"count":0,"href":"https:\/\/www.o-p-i.fr\/parlonsen\/wp-json\/wp\/v2\/posts\/34616\/revisions"}],"wp:attachment":[{"href":"https:\/\/www.o-p-i.fr\/parlonsen\/wp-json\/wp\/v2\/media?parent=34616"}],"wp:term":[{"taxonomy":"category","embeddable":true,"href":"https:\/\/www.o-p-i.fr\/parlonsen\/wp-json\/wp\/v2\/categories?post=34616"},{"taxonomy":"post_tag","embeddable":true,"href":"https:\/\/www.o-p-i.fr\/parlonsen\/wp-json\/wp\/v2\/tags?post=34616"}],"curies":[{"name":"wp","href":"https:\/\/api.w.org\/{rel}","templated":true}]}}