{"id":34652,"date":"2018-01-05T23:26:34","date_gmt":"2018-01-05T22:26:34","guid":{"rendered":"\/parlonsen\/?p=34652"},"modified":"2018-01-11T23:07:41","modified_gmt":"2018-01-11T22:07:41","slug":"swing-et-theatre-a-couffouleux81","status":"publish","type":"post","link":"https:\/\/www.o-p-i.fr\/parlonsen\/localisation\/a-cote-de-chez-nous\/swing-et-theatre-a-couffouleux81\/","title":{"rendered":"Swing et th\u00e9\u00e2tre&#8230; \u00e0 Couffouleux(81)"},"content":{"rendered":"<p>Double ration pour ce Renc\u2019art de d\u00e9but d\u2019ann\u00e9e \u00e0 la salle Herv\u00e9 de Guerdavid, le <strong>samedi 20 janvier\u00a02018<\/strong>, \u00e0 partir de 20 h (ouverture des portes \u00e0 19h30)<!--more--><img data-recalc-dims=\"1\" loading=\"lazy\" decoding=\"async\" class=\"alignright size-medium wp-image-34653\" src=\"https:\/\/i0.wp.com\/www.o-p-i.fr\/parlonsen\/wp-content\/uploads\/le-morse-1.jpg?resize=225%2C300&#038;ssl=1\" alt=\"\" width=\"225\" height=\"300\" srcset=\"https:\/\/i0.wp.com\/www.o-p-i.fr\/parlonsen\/wp-content\/uploads\/le-morse-1.jpg?resize=225%2C300&amp;ssl=1 225w, https:\/\/i0.wp.com\/www.o-p-i.fr\/parlonsen\/wp-content\/uploads\/le-morse-1.jpg?resize=113%2C150&amp;ssl=1 113w, https:\/\/i0.wp.com\/www.o-p-i.fr\/parlonsen\/wp-content\/uploads\/le-morse-1.jpg?w=375&amp;ssl=1 375w\" sizes=\"auto, (max-width: 225px) 100vw, 225px\" \/><\/p>\n<p>Tout d\u2019abord, <strong><a href=\"https:\/\/www.snappinsisters.fr\/\" target=\"_blank\" rel=\"noopener noreferrer\">les Snappin\u2019Sisters<\/a>,<\/strong> du pep\u2019s a cappella ! Huit voix de femmes pleines d\u2019\u00e9nergie revisitant un r\u00e9pertoire de musiques rythm\u00e9es, \u00e9clectiques, dynamiques et jazzistiques. Elles pourraient vous donner l\u2019envie de claquer des doigts !<\/p>\n<p>Puis \u00e0 21h, <strong>\u00ab\u00a0La Le\u00e7on\u00a0\u00bb<\/strong> d\u2019Eug\u00e8ne Ionesco, par l\u2019Atelier de Cr\u00e9ation Th\u00e9\u00e2trale et mise en sc\u00e8ne par Anne Colin. Trois personnages, un professeur, une \u00e9l\u00e8ve, une bonne. Au tout d\u00e9part, les \u00e9changes respectent le cadre des codes sociaux. Peu \u00e0 peu le professeur s\u2019empare de la parole et la le\u00e7on prend un tour mena\u00e7ant et sadique. L\u2019objet de son enseignement se fait de plus en plus invraisemblable. Les mots se d\u00e9glinguent, se r\u00e9p\u00e8tent jusqu\u2019au mot de la fin, qui devient l\u2019instrument d\u2019un crime imaginaire.<\/p>\n<p>\u00ab\u00a0La Le\u00e7on\u00a0\u00bb (1951) est un drame comique qui met en sc\u00e8ne le langage comme instrument le torture et d\u2019asservissement. L\u2019apr\u00e8s-guerre voit \u00e9merger le th\u00e9\u00e2tre de l\u2019absurde. Ionesco en est une figure. \u00ab\u00a0On ne peut trouver de solution \u00e0 l\u2019insoutenable, et seul ce qui est insoutenable est profond\u00e9ment tragique, profond\u00e9ment comique, essentiellement th\u00e9\u00e2tre\u00a0\u00bb, nous dit il. \u00ab\u00a0La Le\u00e7on\u00a0\u00bb nous met en \u00e9veil, elle est un coup de dynamite rigolard dans la machine sociale d\u00e9boussol\u00e9e.<br \/>\nAvec Cristiana Cervant\u00e8s, Marie Gallot, Fran\u00e7oise Tabart, Odile Waeles.<\/p>\n<p>Tout public \u00e0 partir de 8 ans. Petite restauration &#8211; Buvette<br \/>\nPlein tarif : 10 \u20ac &#8211; Tarif r\u00e9duit : 6 \u20ac (demandeur d\u2019emploi, \u00e9tudiant, jusqu\u2019\u00e0 18 ans, adh\u00e9rent Compagnie du morse).<\/p>\n<h4 style=\"text-align: center;\">\nL&rsquo;Atelier de cr\u00e9ation th\u00e9\u00e2trale* red\u00e9marre pour l&rsquo;ann\u00e9e 2018<br \/>\nSalle des associations \u00e0 Couffouleux<br \/>\n1er rendez-vous Samedi 27 janvier 2018 \u00e0 14h30<\/h4>\n<p>L&rsquo;ACT, l&rsquo;atelier de cr\u00e9ation th\u00e9\u00e2trale est propos\u00e9 par Anne Colin, com\u00e9dienne, metteur en sc\u00e8ne. Il est ouvert aux adultes, aux adolescents et amateurs, motiv\u00e9s. L\u2019objectif est la cr\u00e9ation d\u2019un spectacle. Un engagement assidu est demand\u00e9. A partir de textes classiques, contemporains, de romans ou de po\u00e9sie, se mettre en situation de jeu, se mettre en vie sur un plateau au plus pr\u00e8s de soi, avec sensibilit\u00e9, humour et sinc\u00e9rit\u00e9. Travail individualis\u00e9, nombre limit\u00e9.<\/p>\n<p>Calendrier : 12 samedis de 14h30 \u00e0 19h et 1 week-end 25\/26 aout 2018<\/p>\n<p>27 jan ; 17 f\u00e9vr ; 10 mars ; 31 mars ; 7 avril ; 5 mai ; 16 juin ; 29 sept ; 13 oct ; 17 nov ; 15 d\u00e9c 2018 &#8211; Pr\u00e9sentation courant janvier 2019<\/p>\n<p>Tarif : 40\u20ac \/ atelier \u2013 80\u20ac \/ WE + 15\u20ac d&rsquo;adh\u00e9sion annuelle<\/p>\n<p><strong>Renseignements<\/strong> aupr\u00e8s d&rsquo;Anne Colin, Directrice artistique &#8211; Com\u00e9dienne &#8211; Metteur en sc\u00e8ne<\/p>\n<p>Allo: 06 87 74 68 36\u00a0 Courriel: <strong><a href=\"mailto:annecolin@ciedumorse.com\">annecolin@ciedumorse.com<\/a><\/strong><\/p>\n<p>http:\/\/compagniedumorse.jimdo.com<\/p>\n<p><em>Information communiqu\u00e9e par Anne COLIN<\/em><\/p>\n<p><a href=\"https:\/\/www.o-p-i.fr\/parlonsen\/agenda\/\"><strong>Retrouvez tous les \u00e9v\u00e9nements dans l&rsquo;agenda !<\/strong><\/a><\/p>\n","protected":false},"excerpt":{"rendered":"<div class=\"mh-excerpt\">Double ration pour ce Renc\u2019art de d\u00e9but d\u2019ann\u00e9e \u00e0 la salle Herv\u00e9 de Guerdavid, le samedi 20 janvier\u00a02018, \u00e0 partir de 20 h (ouverture des portes \u00e0 19h30)<\/div>\n","protected":false},"author":4,"featured_media":0,"comment_status":"open","ping_status":"open","sticky":false,"template":"","format":"standard","meta":{"om_disable_all_campaigns":false,"advanced_seo_description":"","jetpack_seo_html_title":"","jetpack_seo_noindex":false,"_jetpack_memberships_contains_paid_content":false,"footnotes":"","_links_to":"","_links_to_target":""},"categories":[52,42,54,3004],"tags":[43,57,148,345],"class_list":{"0":"post-34652","1":"post","2":"type-post","3":"status-publish","4":"format-standard","6":"category-parlons-en","7":"category-a-cote-de-chez-nous","8":"category-loisirs","9":"category-n-142-janvier-2018","10":"tag-concert","11":"tag-theatre","12":"tag-couffouleux","13":"tag-compagnie-du-morse"},"jetpack_featured_media_url":"","views":{"total":0,"cached_at":"","cached_date":1738517628},"jetpack_likes_enabled":true,"jetpack_sharing_enabled":true,"jetpack_shortlink":"https:\/\/wp.me\/pg7Wxj-90U","jetpack-related-posts":[],"_links":{"self":[{"href":"https:\/\/www.o-p-i.fr\/parlonsen\/wp-json\/wp\/v2\/posts\/34652","targetHints":{"allow":["GET"]}}],"collection":[{"href":"https:\/\/www.o-p-i.fr\/parlonsen\/wp-json\/wp\/v2\/posts"}],"about":[{"href":"https:\/\/www.o-p-i.fr\/parlonsen\/wp-json\/wp\/v2\/types\/post"}],"author":[{"embeddable":true,"href":"https:\/\/www.o-p-i.fr\/parlonsen\/wp-json\/wp\/v2\/users\/4"}],"replies":[{"embeddable":true,"href":"https:\/\/www.o-p-i.fr\/parlonsen\/wp-json\/wp\/v2\/comments?post=34652"}],"version-history":[{"count":0,"href":"https:\/\/www.o-p-i.fr\/parlonsen\/wp-json\/wp\/v2\/posts\/34652\/revisions"}],"wp:attachment":[{"href":"https:\/\/www.o-p-i.fr\/parlonsen\/wp-json\/wp\/v2\/media?parent=34652"}],"wp:term":[{"taxonomy":"category","embeddable":true,"href":"https:\/\/www.o-p-i.fr\/parlonsen\/wp-json\/wp\/v2\/categories?post=34652"},{"taxonomy":"post_tag","embeddable":true,"href":"https:\/\/www.o-p-i.fr\/parlonsen\/wp-json\/wp\/v2\/tags?post=34652"}],"curies":[{"name":"wp","href":"https:\/\/api.w.org\/{rel}","templated":true}]}}