{"id":34736,"date":"2018-01-12T07:32:34","date_gmt":"2018-01-12T06:32:34","guid":{"rendered":"\/parlonsen\/?p=34736"},"modified":"2018-01-12T07:32:34","modified_gmt":"2018-01-12T06:32:34","slug":"decouvrir-le-pilates-a-montgaillard-81","status":"publish","type":"post","link":"https:\/\/www.o-p-i.fr\/parlonsen\/parlons-en\/pratique\/decouvrir-le-pilates-a-montgaillard-81\/","title":{"rendered":"D\u00e9couvrir le \u00ab\u00a0Pilates\u00a0\u00bb&#8230;\u00e0 Montgaillard (81)"},"content":{"rendered":"<p>A partir du <strong>jeudi 25 janvier 2018<\/strong> et tous les jeudi \u00e0 19h30, \u00e0 la salle des f\u00eates<!--more--><\/p>\n<p>Natalya vous propose de venir d\u00e9couvrir le PILATES, (cours de 60 minutes). Le premier cours est offert<\/p>\n<p>Les cours de Pilates s&rsquo;adressent \u00e0 tous ceux qui souhaitent renforcer la musculature abdominale profonde et retrouver une bonne posture.<br \/>\nLe Pilate est une m\u00e9thode d&rsquo;entra\u00eenement destin\u00e9 \u00e0 consolider le corps, \u00e0 accro\u00eetre la souplesse , d&rsquo;am\u00e9liorer la coordination, l&rsquo;alignement , \u00e0 r\u00e9duire le stress gr\u00e2ce \u00e0 une respiration consciente , \u00e0 augmenter la capacit\u00e9 de concentration et \u00e0 procurer un sentiment durable de bien &#8211; \u00eatre.<br \/>\nVous pouvez pratiquer Pilates sans crainte quels que soit votre \u00e2ge et le niveau de condition physique initial.<br \/>\nLe premier objectif de cette m\u00e9thode est de renforcer les muscles du powerhouse &#8211; terme choisi par Joseph Pilate que l&rsquo;on traduit par \u00ab\u00a0centre\u00a0\u00bb. Il s&rsquo;agit des muscles profonds, responsables de la posture et qui se situent entre les c\u00f4tes et le bassin, tout autour de la colonne vert\u00e9brale (abdominaux , plancher pelvien et muscles du dos). Ils constituent le centre d&rsquo;\u00e9nergie du corps, qui permet d&rsquo;\u00eatre plus fort, plus stable .<br \/>\nLe deuxi\u00e8me objectif est d&rsquo;am\u00e9liorer la conscience de son corps, de sa force et de ses limites pour mieux s&rsquo;en servir. Joseph Pilates avait soulign\u00e9 l&rsquo;importance de l&rsquo;harmonie entre le corps et l&rsquo;esprit.<br \/>\nLa pratique r\u00e9guli\u00e8re des exercices permet aussi d&rsquo;assouplir les muscles moteurs qui en ont besoin , de masser les organes internes et de favoriser la circulation sanguine . Le transit intestinal et la digestion sont am\u00e9lior\u00e9s , le sommeil plus r\u00e9gulier &#8230; Les bienfaits du Pilate sont multiples !<br \/>\nLes cours se d\u00e9roulent par un encha\u00eenement d&rsquo;exercices qui se pratiquent au sol sur un tapis.<br \/>\nTous les exercices sont bas\u00e9s sur le respect de 6 principes fondamentaux du Pilates, que l&rsquo;on doit suivre pendant les s\u00e9ances :<\/p>\n<p>La respiration : sp\u00e9cifique , lat\u00e9rale thoracique , elle permet de mieux utiliser ses poumons.<br \/>\nLa concentration : il faut se focaliser enti\u00e8rement sur le mouvement et son ex\u00e9cution.<br \/>\nLe centrage : tous les mouvements doivent partir du centre, du powerhouse.<br \/>\nLe contr\u00f4le : il faut contr\u00f4ler le mouvement , la respiration associ\u00e9e et l&rsquo;esprit.<br \/>\nLa fluidit\u00e9 : les exercices s&rsquo;encha\u00eenent les uns apr\u00e8s les autres comme une chor\u00e9graphie.<br \/>\nLa pr\u00e9cision : il faut rechercher la qualit\u00e9 d\u2019ex\u00e9cution du mouvement et non la quantit\u00e9.<\/p>\n<p>Grace \u00e0 pratique de la M\u00e9thode Pilates vous retrouverez une bonne forme physique , un meilleur \u00e9tat d&rsquo;esprit et une meilleure qualit\u00e9 de vie !<\/p>\n<p><a href=\"https:\/\/www.o-p-i.fr\/aupays\/opi\/yogagym-2\/\" target=\"_blank\" rel=\"noopener noreferrer\"><img loading=\"lazy\" decoding=\"async\" class=\"\" src=\"https:\/\/www.o-p-i.fr\/aupays\/wp-content\/themes\/arras-theme\/library\/timthumb.php?src=https:\/\/www.o-p-i.fr\/aupays\/wp-content\/uploads\/logo_yogagym.jpg&amp;w=630&amp;h=250&amp;zc=1\" alt=\"YogaGym\" width=\"287\" height=\"114\" \/><\/a><\/p>\n<p>Information communiqu\u00e9e par \u00ab\u00a0YogaGym\u00a0\u00bb<br \/>\n<a href=\"https:\/\/www.o-p-i.fr\/parlonsen\/agenda\/\"><strong>Retrouvez tous les \u00e9v\u00e9nements dans l&rsquo;agenda !<\/strong><\/a><\/p>\n","protected":false},"excerpt":{"rendered":"<div class=\"mh-excerpt\">A partir du jeudi 25 janvier 2018 et tous les jeudi \u00e0 19h30, \u00e0 la salle des f\u00eates<\/div>\n","protected":false},"author":4,"featured_media":0,"comment_status":"open","ping_status":"open","sticky":false,"template":"","format":"standard","meta":{"om_disable_all_campaigns":false,"advanced_seo_description":"","jetpack_seo_html_title":"","jetpack_seo_noindex":false,"_jetpack_memberships_contains_paid_content":false,"footnotes":"","_links_to":"","_links_to_target":""},"categories":[52,725,31,58,53,6,3004],"tags":[3027,309,2554],"class_list":{"0":"post-34736","1":"post","2":"type-post","3":"status-publish","4":"format-standard","6":"category-parlons-en","7":"category-formation-parlons-en","8":"category-montgaillard","9":"category-sante","10":"category-sports","11":"category-pratique","12":"category-n-142-janvier-2018","13":"tag-exercices","14":"tag-yoga","15":"tag-montgaillard"},"jetpack_featured_media_url":"","views":{"total":1,"cached_at":"","cached_date":1738517512},"jetpack_likes_enabled":true,"jetpack_sharing_enabled":true,"jetpack_shortlink":"https:\/\/wp.me\/pg7Wxj-92g","jetpack-related-posts":[],"_links":{"self":[{"href":"https:\/\/www.o-p-i.fr\/parlonsen\/wp-json\/wp\/v2\/posts\/34736","targetHints":{"allow":["GET"]}}],"collection":[{"href":"https:\/\/www.o-p-i.fr\/parlonsen\/wp-json\/wp\/v2\/posts"}],"about":[{"href":"https:\/\/www.o-p-i.fr\/parlonsen\/wp-json\/wp\/v2\/types\/post"}],"author":[{"embeddable":true,"href":"https:\/\/www.o-p-i.fr\/parlonsen\/wp-json\/wp\/v2\/users\/4"}],"replies":[{"embeddable":true,"href":"https:\/\/www.o-p-i.fr\/parlonsen\/wp-json\/wp\/v2\/comments?post=34736"}],"version-history":[{"count":0,"href":"https:\/\/www.o-p-i.fr\/parlonsen\/wp-json\/wp\/v2\/posts\/34736\/revisions"}],"wp:attachment":[{"href":"https:\/\/www.o-p-i.fr\/parlonsen\/wp-json\/wp\/v2\/media?parent=34736"}],"wp:term":[{"taxonomy":"category","embeddable":true,"href":"https:\/\/www.o-p-i.fr\/parlonsen\/wp-json\/wp\/v2\/categories?post=34736"},{"taxonomy":"post_tag","embeddable":true,"href":"https:\/\/www.o-p-i.fr\/parlonsen\/wp-json\/wp\/v2\/tags?post=34736"}],"curies":[{"name":"wp","href":"https:\/\/api.w.org\/{rel}","templated":true}]}}