{"id":34854,"date":"2018-01-27T14:12:54","date_gmt":"2018-01-27T13:12:54","guid":{"rendered":"\/parlonsen\/?p=34854"},"modified":"2018-01-27T14:17:32","modified_gmt":"2018-01-27T13:17:32","slug":"exposition-femmes-a-saint-nauphary-82","status":"publish","type":"post","link":"https:\/\/www.o-p-i.fr\/parlonsen\/parlons-en\/culture\/exposition-femmes-a-saint-nauphary-82\/","title":{"rendered":"Exposition \u00ab\u00a0Femmes\u00a0\u00bb&#8230;\u00e0 Saint Nauphary (82)"},"content":{"rendered":"<p><strong>Du mercredi\u00a0 31 janvier au mercredi 21\u00a0 f\u00e9vrier 2018<\/strong>, \u00e0 la m\u00e9diath\u00e8que.<!--more--><\/p>\n<p><img data-recalc-dims=\"1\" loading=\"lazy\" decoding=\"async\" class=\"alignright wp-image-34855 size-medium\" src=\"https:\/\/i0.wp.com\/www.o-p-i.fr\/parlonsen\/wp-content\/uploads\/femmes.jpg?resize=212%2C300&#038;ssl=1\" alt=\"\" width=\"212\" height=\"300\" srcset=\"https:\/\/i0.wp.com\/www.o-p-i.fr\/parlonsen\/wp-content\/uploads\/femmes.jpg?resize=212%2C300&amp;ssl=1 212w, https:\/\/i0.wp.com\/www.o-p-i.fr\/parlonsen\/wp-content\/uploads\/femmes.jpg?resize=106%2C150&amp;ssl=1 106w, https:\/\/i0.wp.com\/www.o-p-i.fr\/parlonsen\/wp-content\/uploads\/femmes.jpg?resize=400%2C566&amp;ssl=1 400w, https:\/\/i0.wp.com\/www.o-p-i.fr\/parlonsen\/wp-content\/uploads\/femmes.jpg?w=567&amp;ssl=1 567w\" sizes=\"auto, (max-width: 212px) 100vw, 212px\" \/>L\u2019association <strong><a href=\"https:\/\/www.o-p-i.fr\/aupays\/annuaire\/loisirs\/st-nolivres\/\" target=\"_blank\" rel=\"noopener noreferrer\">ST NO\u2019LIVRES<\/a> <\/strong>d\u00e9bute cette ann\u00e9e 2018 avec le th\u00e8me des \u00ab\u00a0FEMMES\u00a0\u00bb, gr\u00e2ce \u00e0 l\u2019exposition d\u2019une Saint-Naupharienne. Passionn\u00e9e de sculpture, Brigitte Martinez exposera ses \u0153uvres \u00e0 la m\u00e9diath\u00e8que de Saint-Nauphary du mercredi 31 janvier au mercredi 21 f\u00e9vrier.<br \/>\nBrigitte Martinez, accompagn\u00e9e en novembre 2016, avait d\u00e9j\u00e0 expos\u00e9 des sculptures et nous avait fait d\u00e9couvrir ses personnages Ta\u00efnos pour le plus grand plaisir des visiteurs.<br \/>\nCette passionn\u00e9e, pratique la sculpture au sein des ateliers de l\u2019Espace Bourdelle depuis maintenant 5 ans. Cette ann\u00e9e, elle aborde le corps f\u00e9minin dans sa singularit\u00e9.<br \/>\nLe corps f\u00e9minin l\u2019inspire\u00a0: les attitudes, les positions, la rondeur du dos-buste-fesses, la traduction des sentiments et la d\u00e9licatesse, sont autant de sources \u00e0 son travail de modelage.<br \/>\nBrigitte trouve d\u2019abord son inspiration dans les dessins des grands ma\u00eetres sculpteurs comme Bourdelle et Rodin mais aussi dans certains magazines f\u00e9minins.<br \/>\nElle traduit les formes et les attitudes f\u00e9minines et fait un choix de terre en fonction du rendu.<br \/>\nEnfin, elle finalise son travail en enfumant ses pi\u00e8ces ou en les faisant cuire au four raku pour ce qui est des terres en gr\u00e8s, ou bien de patiner simplement les fa\u00efences \u00e0 la cire pour obtenir un rendu m\u00e9tallis\u00e9.<br \/>\nUn th\u00e8me qui lui a permis d\u2019exp\u00e9rimenter la pratique du plomb repouss\u00e9.<br \/>\nFemmes et Hommes de Saint-Nauphary et des alentours, venez d\u00e9couvrir les \u00ab\u00a0FEMMES\u00a0\u00bb sublim\u00e9es par la sculpture de Brigitte Martinez.<\/p>\n<p><strong><a href=\"https:\/\/www.o-p-i.fr\/aupays\/annuaire\/loisirs\/st-nolivres\/\" target=\"_blank\" rel=\"noopener noreferrer\"> <img data-recalc-dims=\"1\" loading=\"lazy\" decoding=\"async\" class=\"alignleft wp-image-34858 size-full\" src=\"https:\/\/i0.wp.com\/www.o-p-i.fr\/parlonsen\/wp-content\/uploads\/LOGO-ST-NO-LIVRES.jpg?resize=190%2C100&#038;ssl=1\" alt=\"\" width=\"190\" height=\"100\" srcset=\"https:\/\/i0.wp.com\/www.o-p-i.fr\/parlonsen\/wp-content\/uploads\/LOGO-ST-NO-LIVRES.jpg?w=190&amp;ssl=1 190w, https:\/\/i0.wp.com\/www.o-p-i.fr\/parlonsen\/wp-content\/uploads\/LOGO-ST-NO-LIVRES.jpg?resize=150%2C79&amp;ssl=1 150w\" sizes=\"auto, (max-width: 190px) 100vw, 190px\" \/><\/a>Heures d\u2019ouverture de la m\u00e9diath\u00e8que de Saint-Nauphary\u00a0:<\/strong><\/p>\n<ul>\n<li>Mercredi\u00a0: 11h -12h et 15h \u2013 19h<\/li>\n<li>Vendredi\u00a0: 16h30 \u2013 17h30<\/li>\n<li>Samedi\u00a0: 9h \u2013 12 h<\/li>\n<\/ul>\n<p>MEDIATHEQUE DE SAINT- NAUPHARY<br \/>\n28 rue des \u00e9coles<br \/>\n82 370 SAINT-NAUPHARY<br \/>\n05 63 67 11 06<br \/>\n<a href=\"mailto:mediatheque.saint-nauphary@orange.fr\">mediatheque.saint-nauphary@orange.fr<\/a><\/p>\n<p><em>Information communiqu\u00e9e par Isabelle SERNY<\/em><\/p>\n<p><a href=\"https:\/\/www.o-p-i.fr\/parlonsen\/agenda\/\"><strong>Retrouvez tous les \u00e9v\u00e9nements dans l&rsquo;agenda !<\/strong><\/a><\/p>\n","protected":false},"excerpt":{"rendered":"<div class=\"mh-excerpt\">Du mercredi\u00a0 31 janvier au mercredi 21\u00a0 f\u00e9vrier 2018, \u00e0 la m\u00e9diath\u00e8que.<\/div>\n","protected":false},"author":4,"featured_media":0,"comment_status":"open","ping_status":"open","sticky":false,"template":"","format":"standard","meta":{"om_disable_all_campaigns":false,"advanced_seo_description":"","jetpack_seo_html_title":"","jetpack_seo_noindex":false,"_jetpack_memberships_contains_paid_content":false,"footnotes":"","_links_to":"","_links_to_target":""},"categories":[52,1,54,17,3006],"tags":[2542,646,1514,3039],"class_list":{"0":"post-34854","1":"post","2":"type-post","3":"status-publish","4":"format-standard","6":"category-parlons-en","7":"category-culture","8":"category-loisirs","9":"category-saint_nauphary","10":"category-n-143-fevrier-2018","11":"tag-saint_nauphary","12":"tag-exposition-sculpture","13":"tag-mediatheque","14":"tag-st-no-livres"},"jetpack_featured_media_url":"","views":{"total":0,"cached_at":"","cached_date":1738511222},"jetpack_likes_enabled":true,"jetpack_sharing_enabled":true,"jetpack_shortlink":"https:\/\/wp.me\/pg7Wxj-94a","jetpack-related-posts":[],"_links":{"self":[{"href":"https:\/\/www.o-p-i.fr\/parlonsen\/wp-json\/wp\/v2\/posts\/34854","targetHints":{"allow":["GET"]}}],"collection":[{"href":"https:\/\/www.o-p-i.fr\/parlonsen\/wp-json\/wp\/v2\/posts"}],"about":[{"href":"https:\/\/www.o-p-i.fr\/parlonsen\/wp-json\/wp\/v2\/types\/post"}],"author":[{"embeddable":true,"href":"https:\/\/www.o-p-i.fr\/parlonsen\/wp-json\/wp\/v2\/users\/4"}],"replies":[{"embeddable":true,"href":"https:\/\/www.o-p-i.fr\/parlonsen\/wp-json\/wp\/v2\/comments?post=34854"}],"version-history":[{"count":0,"href":"https:\/\/www.o-p-i.fr\/parlonsen\/wp-json\/wp\/v2\/posts\/34854\/revisions"}],"wp:attachment":[{"href":"https:\/\/www.o-p-i.fr\/parlonsen\/wp-json\/wp\/v2\/media?parent=34854"}],"wp:term":[{"taxonomy":"category","embeddable":true,"href":"https:\/\/www.o-p-i.fr\/parlonsen\/wp-json\/wp\/v2\/categories?post=34854"},{"taxonomy":"post_tag","embeddable":true,"href":"https:\/\/www.o-p-i.fr\/parlonsen\/wp-json\/wp\/v2\/tags?post=34854"}],"curies":[{"name":"wp","href":"https:\/\/api.w.org\/{rel}","templated":true}]}}