{"id":34875,"date":"2018-02-01T18:15:16","date_gmt":"2018-02-01T17:15:16","guid":{"rendered":"\/parlonsen\/?p=34875"},"modified":"2025-11-12T00:41:00","modified_gmt":"2025-11-11T23:41:00","slug":"action-des-chats-libres-de-melie-a-negrelisse-82","status":"publish","type":"post","link":"https:\/\/www.o-p-i.fr\/parlonsen\/localisation\/a-cote-de-chez-nous\/bioule\/action-des-chats-libres-de-melie-a-negrelisse-82\/","title":{"rendered":"Action des \u00ab\u00a0Chats Libres de M\u00e9lie\u00a0\u00bb&#8230; \u00e0 N\u00e8grelisse (82)"},"content":{"rendered":"<p>Journ\u00e9es \u00ab\u00a0caddie\u00a0\u00bb du <strong>vendredi 2\u00a0au dimanche 4 f\u00e9vrier 2018<\/strong>, \u00e0 l&rsquo;Intermarch\u00e9.<!--more--><br \/>\n\u00ab\u00a0Les Chats Libres de M\u00e9lie\u00a0\u00bb est une association qui a pour but d&rsquo;am\u00e9liorer l&rsquo;\u00e9tat sanitaire des chats errants en mettant\u00a0\u00e0 leur disposition abris et nourritures et si besoin soins v\u00e9t\u00e9rinaires. Lutter contre leur prolif\u00e9ration en les faisant st\u00e9riliser avant de les relacher\u00a0sur leur lieu de vie. Aide et assistance aux animaux sous toutes ses formes. Conseils de toutes sortes et par tous moyens aupr\u00e8s des propri\u00e9taires d&rsquo;animaux.<br \/>\nPour faire Vivre notre Association et Soutenir notre Action, nous avons besoin de Votre Aide, des Dons en : croquettes\/boites, gamelles, couvertures, ch\u00e8ques ou esp\u00e8ces, b\u00e9n\u00e9voles pour le nourrissage, familles d&rsquo;accueil&#8230;<br \/>\nNos points relais pour d\u00e9poser vos dons sont :<br \/>\nAux toutous choy\u00e9s (toiletteuse) de N\u00e8grepelisse et\u00a0\u00e0 la boulangerie de Bioule.<\/p>\n<p>Nous organisons une op\u00e9ration caddies \u00e0 l&rsquo;Intermarch\u00e9 de N\u00e8grepelisse<br \/>\nLe vendredi 2 f\u00e9vrier\u00a0\u00e0 partir de 16h, le samedi 3 f\u00e9vrier et le Dimanche 4 f\u00e9vrier 2018 toute la journ\u00e9e<\/p>\n<p>T\u00e9l : 06 24 03 46 09 E-mail : <a href=\"mailto:leschatslibresdemelie@sfr.fr\">leschatslibresdemelie@sfr.fr<\/a><\/p>\n<p><strong>Organisateur : <\/strong>Association Les Chats Libres de M\u00e9lie<\/p>\n<p><strong>Contact : <\/strong>5 place de la Mairie<br \/>\n82800-N\u00e8grepelisse<br \/>\n<em>Information communiqu\u00e9e par\u00a0Elisabeth\u00a0FERNANDEZ\u00a0<\/em><\/p>\n","protected":false},"excerpt":{"rendered":"<div class=\"mh-excerpt\">Journ\u00e9es \u00ab\u00a0caddie\u00a0\u00bb du vendredi 2\u00a0au dimanche 4 f\u00e9vrier 2018, \u00e0 l&rsquo;Intermarch\u00e9.<\/div>\n","protected":false},"author":4,"featured_media":0,"comment_status":"open","ping_status":"open","sticky":false,"template":"","format":"standard","meta":{"om_disable_all_campaigns":false,"advanced_seo_description":"","jetpack_seo_html_title":"","jetpack_seo_noindex":false,"_jetpack_memberships_contains_paid_content":false,"footnotes":"","_links_to":"","_links_to_target":""},"categories":[40,55,291,3006],"tags":[100,3041,3042],"class_list":{"0":"post-34875","1":"post","2":"type-post","3":"status-publish","4":"format-standard","6":"category-bioule","7":"category-environnement","8":"category-solidarite","9":"category-n-143-fevrier-2018","10":"tag-negrepelisse","11":"tag-chats","12":"tag-caddy"},"jetpack_featured_media_url":"","views":{"total":4,"cached_at":"","cached_date":1738511144},"jetpack_likes_enabled":true,"jetpack_sharing_enabled":true,"jetpack_shortlink":"https:\/\/wp.me\/pg7Wxj-94v","jetpack-related-posts":[],"_links":{"self":[{"href":"https:\/\/www.o-p-i.fr\/parlonsen\/wp-json\/wp\/v2\/posts\/34875","targetHints":{"allow":["GET"]}}],"collection":[{"href":"https:\/\/www.o-p-i.fr\/parlonsen\/wp-json\/wp\/v2\/posts"}],"about":[{"href":"https:\/\/www.o-p-i.fr\/parlonsen\/wp-json\/wp\/v2\/types\/post"}],"author":[{"embeddable":true,"href":"https:\/\/www.o-p-i.fr\/parlonsen\/wp-json\/wp\/v2\/users\/4"}],"replies":[{"embeddable":true,"href":"https:\/\/www.o-p-i.fr\/parlonsen\/wp-json\/wp\/v2\/comments?post=34875"}],"version-history":[{"count":1,"href":"https:\/\/www.o-p-i.fr\/parlonsen\/wp-json\/wp\/v2\/posts\/34875\/revisions"}],"predecessor-version":[{"id":67520,"href":"https:\/\/www.o-p-i.fr\/parlonsen\/wp-json\/wp\/v2\/posts\/34875\/revisions\/67520"}],"wp:attachment":[{"href":"https:\/\/www.o-p-i.fr\/parlonsen\/wp-json\/wp\/v2\/media?parent=34875"}],"wp:term":[{"taxonomy":"category","embeddable":true,"href":"https:\/\/www.o-p-i.fr\/parlonsen\/wp-json\/wp\/v2\/categories?post=34875"},{"taxonomy":"post_tag","embeddable":true,"href":"https:\/\/www.o-p-i.fr\/parlonsen\/wp-json\/wp\/v2\/tags?post=34875"}],"curies":[{"name":"wp","href":"https:\/\/api.w.org\/{rel}","templated":true}]}}