{"id":3492,"date":"2010-04-20T15:51:11","date_gmt":"2010-04-20T13:51:11","guid":{"rendered":"\/parlonsen\/?p=3492"},"modified":"2010-04-21T16:33:45","modified_gmt":"2010-04-21T14:33:45","slug":"vide-grenier-foire-a-tout-les-greniers-de-tauriac","status":"publish","type":"post","link":"https:\/\/www.o-p-i.fr\/parlonsen\/parlons-en\/commerce\/vide-grenier-foire-a-tout-les-greniers-de-tauriac\/","title":{"rendered":"Vide Grenier &#038; Foire \u00e0 Tout : Les Greniers de Tauriac"},"content":{"rendered":"<p style=\"text-align: justify;\"><span style=\"color: #808000;\"><strong>Jeudi de l&rsquo;Ascension, 13 Mai<\/strong><\/span>,\u00a0 \u00e0 Tauriac, <span style=\"color: #808000;\"><strong>1er<\/strong><\/span> <span style=\"color: #808000;\"><strong>Vide Grenier et Foire \u00e0 Tout<\/strong><\/span>.<!--more--><\/p>\n<p style=\"text-align: justify;\">Cette manifestation est organis\u00e9e par l&rsquo;Association \u00ab\u00a0<span style=\"color: #808000;\"><strong>Avem leser<\/strong><\/span>\u00a0\u00bb au profit de l&rsquo;association des Parents d&rsquo;\u00c9l\u00e8ves du <a title=\"En savoir +\" href=\"https:\/\/www.o-p-i.fr\/aupays\/annuaire\/administrations\/ecole-rpi-de-montgaillard-beauvais-tauriac\/\">RPI de Beauvais, Montgaillard, Montvalen, Tauriac<\/a>.<\/p>\n<p style=\"text-align: justify;\">Buvette et sandwiches.<\/p>\n<p style=\"text-align: justify;\"><span style=\"color: #808000;\"><strong>Repas de midi<\/strong><\/span> sur r\u00e9servation<br \/>\nSalade Compos\u00e9e, Paella, G\u00e2teau basque, Vin &amp; Caf\u00e9.<br \/>\nAdultes : 12\u20ac<br \/>\nEnfants 5-10ans : 5 \u20ac<br \/>\nGratuit pour les moins de 5 ans<\/p>\n<p style=\"text-align: justify;\"><span style=\"color: #808000;\"><strong>Emplacements<\/strong><\/span><br \/>\nParticuliers : 5m fixe : 5\u20ac<br \/>\nProfessionnels : 5m fixe : 10\u20ac<\/p>\n<p style=\"text-align: justify;\"><span style=\"color: #808000;\"><strong>Inscriptions <\/strong><\/span><br \/>\nImprimer le <a title=\"Ouvre le fichier PDF dans une nouvelle fen\u00eatre\" href=\"https:\/\/www.o-p-i.fr\/parlonsen\/wp-content\/uploads\/bull_vg_tauriac052010.pdf\" target=\"_blank\">Bulletin d&rsquo;Inscription<\/a><\/p>\n<p style=\"text-align: justify;\"><span style=\"color: #808000;\"><strong>Contact : Jacques Carme<\/strong><\/span><br \/>\n<span style=\"color: #808000;\">T\u00e9l. : 05 63 40 51 76<br \/>\nCourriel : <a href=\"mailto:jacques.carme@sfr.fr\">jacques.carme@sfr.fr<\/a><\/span><\/p>\n<p style=\"text-align: justify;\"><em>Communiqu\u00e9 de Jacques Carme, Pr\u00e9sident de l&rsquo;Association Avem leser<\/em><\/p>\n<p><a href=\"https:\/\/www.o-p-i.fr\/parlonsen\/agenda\/\"><strong>Retrouvez tous les \u00e9v\u00e8nements dans l&rsquo;agenda !<\/strong><\/a><\/p>\n","protected":false},"excerpt":{"rendered":"<div class=\"mh-excerpt\">Jeudi de l&rsquo;Ascension, 13 Mai,\u00a0 \u00e0 Tauriac, 1er Vide Grenier et Foire \u00e0 Tout.<\/div>\n","protected":false},"author":2,"featured_media":0,"comment_status":"open","ping_status":"open","sticky":false,"template":"","format":"standard","meta":{"om_disable_all_campaigns":false,"advanced_seo_description":"","jetpack_seo_html_title":"","jetpack_seo_noindex":false,"_jetpack_memberships_contains_paid_content":false,"footnotes":"","_links_to":"","_links_to_target":""},"categories":[4,54,21,447],"tags":[157,2546,493],"class_list":{"0":"post-3492","1":"post","2":"type-post","3":"status-publish","4":"format-standard","6":"category-commerce","7":"category-loisirs","8":"category-tauriac","9":"category-n-48-avril-2010","10":"tag-repas","11":"tag-tauriac","12":"tag-foire"},"jetpack_featured_media_url":"","views":{"total":0,"cached_at":"","cached_date":1738525778},"jetpack_likes_enabled":true,"jetpack_sharing_enabled":true,"jetpack_shortlink":"https:\/\/wp.me\/pg7Wxj-Uk","jetpack-related-posts":[],"_links":{"self":[{"href":"https:\/\/www.o-p-i.fr\/parlonsen\/wp-json\/wp\/v2\/posts\/3492","targetHints":{"allow":["GET"]}}],"collection":[{"href":"https:\/\/www.o-p-i.fr\/parlonsen\/wp-json\/wp\/v2\/posts"}],"about":[{"href":"https:\/\/www.o-p-i.fr\/parlonsen\/wp-json\/wp\/v2\/types\/post"}],"author":[{"embeddable":true,"href":"https:\/\/www.o-p-i.fr\/parlonsen\/wp-json\/wp\/v2\/users\/2"}],"replies":[{"embeddable":true,"href":"https:\/\/www.o-p-i.fr\/parlonsen\/wp-json\/wp\/v2\/comments?post=3492"}],"version-history":[{"count":0,"href":"https:\/\/www.o-p-i.fr\/parlonsen\/wp-json\/wp\/v2\/posts\/3492\/revisions"}],"wp:attachment":[{"href":"https:\/\/www.o-p-i.fr\/parlonsen\/wp-json\/wp\/v2\/media?parent=3492"}],"wp:term":[{"taxonomy":"category","embeddable":true,"href":"https:\/\/www.o-p-i.fr\/parlonsen\/wp-json\/wp\/v2\/categories?post=3492"},{"taxonomy":"post_tag","embeddable":true,"href":"https:\/\/www.o-p-i.fr\/parlonsen\/wp-json\/wp\/v2\/tags?post=3492"}],"curies":[{"name":"wp","href":"https:\/\/api.w.org\/{rel}","templated":true}]}}