{"id":350,"date":"2009-09-01T22:54:04","date_gmt":"2009-09-01T20:54:04","guid":{"rendered":"\/parlonsen\/?p=350"},"modified":"2010-08-18T17:32:23","modified_gmt":"2010-08-18T15:32:23","slug":"la-rentree-aussi-a-l%e2%80%99universite-populaire","status":"publish","type":"post","link":"https:\/\/www.o-p-i.fr\/parlonsen\/parlons-en\/culture\/la-rentree-aussi-a-l%e2%80%99universite-populaire\/","title":{"rendered":"La rentr\u00e9e aussi \u00e0 l\u2019Universit\u00e9 Populaire"},"content":{"rendered":"<p>Bient\u00f4t la rentr\u00e9e des classes pour nos petits\u00a0! Mais les grands aussi ne sont pas en reste. L\u2019<strong>Universit\u00e9 Populaire de Montauban <\/strong>pr\u00e9pare la sienne et accueillera tous ceux qui veulent se renseigner sur ses activit\u00e9s et son programme lors d\u2019une journ\u00e9e \u00ab\u00a0porte ouverte\u00a0\u00bb qui aura lieu le samedi 12 septembre 2009, 11 place Lalaque \u00e0 MONTAUBAN.<\/p>\n<p><!--more--><\/p>\n<p style=\"margin-bottom: 0cm;\">Portes ouvertes aussi \u00e0 l\u2019<strong>Universit\u00e9 pour tous du Tarn <\/strong>le vendredi 18 septembre 2009 \u00e0 ALBI, de 15  \u00e0 19 heure,<\/p>\n<p style=\"margin-bottom: 0cm;\">Si vous souhaitez vous rendre \u00e0 l\u2019une ou l\u2019autre de ces journ\u00e9es, profitez du co-voiturage \u00ab\u00a0<a href=\"https:\/\/www.o-p-i.fr\/page\/actu\/actuensemble.html#inscription\" target=\"_blank\">allons-y ensemble<\/a> \u00bb.<\/p>\n<p style=\"margin-bottom: 0cm;\">Vous pouvez aussi visiter les sites\u00a0:<\/p>\n<p style=\"margin-bottom: 0cm;\">\n<p style=\"margin-bottom: 0cm;\"><a title=\"Ouvre le site dans une nouvelle fen\u00eatre\" href=\"http:\/\/up82.free.fr\/\" target=\"_blank\"><span style=\"color: #0000ff;\"><span style=\"text-decoration: underline;\">http:\/\/up82.free.fr\/<\/span><\/span><\/a><\/p>\n<p style=\"margin-bottom: 0cm;\"><span style=\"color: #0000ff;\"><span style=\"text-decoration: underline;\"><a href=\"http:\/\/www.universite-pour-tous-tarn.fr\/\" target=\"_blank\">http:\/\/www.universite-pour-tous-tarn.fr\/<\/a><\/span><\/span><\/p>\n<p style=\"margin-bottom: 0cm;\"><span style=\"color: #0000ff;\"><span style=\"text-decoration: underline;\"><a href=\"http:\/\/www.universitepopulaire.eu\/\" target=\"_blank\">http:\/\/www.universitepopulaire.eu\/<\/a><\/span><\/span><\/p>\n<p style=\"margin-bottom: 0cm;\">\n","protected":false},"excerpt":{"rendered":"<div class=\"mh-excerpt\">Bient\u00f4t la rentr\u00e9e des classes pour nos petits\u00a0! Mais les grands aussi ne sont pas en reste. L\u2019Universit\u00e9 Populaire de Montauban pr\u00e9pare la sienne et accueillera tous ceux qui veulent se renseigner sur ses activit\u00e9s <a class=\"mh-excerpt-more\" href=\"https:\/\/www.o-p-i.fr\/parlonsen\/parlons-en\/culture\/la-rentree-aussi-a-l%e2%80%99universite-populaire\/\" title=\"La rentr\u00e9e aussi \u00e0 l\u2019Universit\u00e9 Populaire\">[&#8230;]<\/a><\/div>\n","protected":false},"author":2,"featured_media":0,"comment_status":"open","ping_status":"open","sticky":false,"template":"","format":"standard","meta":{"om_disable_all_campaigns":false,"advanced_seo_description":"","jetpack_seo_html_title":"","jetpack_seo_noindex":false,"_jetpack_memberships_contains_paid_content":false,"footnotes":"","_links_to":"","_links_to_target":""},"categories":[42,1,6,9],"tags":[],"class_list":{"0":"post-350","1":"post","2":"type-post","3":"status-publish","4":"format-standard","6":"category-a-cote-de-chez-nous","7":"category-culture","8":"category-pratique","9":"category-n_42"},"jetpack_featured_media_url":"","views":{"total":0,"cached_at":"","cached_date":1738516900},"jetpack_likes_enabled":true,"jetpack_sharing_enabled":true,"jetpack_shortlink":"https:\/\/wp.me\/pg7Wxj-5E","jetpack-related-posts":[],"_links":{"self":[{"href":"https:\/\/www.o-p-i.fr\/parlonsen\/wp-json\/wp\/v2\/posts\/350","targetHints":{"allow":["GET"]}}],"collection":[{"href":"https:\/\/www.o-p-i.fr\/parlonsen\/wp-json\/wp\/v2\/posts"}],"about":[{"href":"https:\/\/www.o-p-i.fr\/parlonsen\/wp-json\/wp\/v2\/types\/post"}],"author":[{"embeddable":true,"href":"https:\/\/www.o-p-i.fr\/parlonsen\/wp-json\/wp\/v2\/users\/2"}],"replies":[{"embeddable":true,"href":"https:\/\/www.o-p-i.fr\/parlonsen\/wp-json\/wp\/v2\/comments?post=350"}],"version-history":[{"count":0,"href":"https:\/\/www.o-p-i.fr\/parlonsen\/wp-json\/wp\/v2\/posts\/350\/revisions"}],"wp:attachment":[{"href":"https:\/\/www.o-p-i.fr\/parlonsen\/wp-json\/wp\/v2\/media?parent=350"}],"wp:term":[{"taxonomy":"category","embeddable":true,"href":"https:\/\/www.o-p-i.fr\/parlonsen\/wp-json\/wp\/v2\/categories?post=350"},{"taxonomy":"post_tag","embeddable":true,"href":"https:\/\/www.o-p-i.fr\/parlonsen\/wp-json\/wp\/v2\/tags?post=350"}],"curies":[{"name":"wp","href":"https:\/\/api.w.org\/{rel}","templated":true}]}}