{"id":35035,"date":"2018-02-16T00:45:19","date_gmt":"2018-02-15T23:45:19","guid":{"rendered":"\/parlonsen\/?p=35035"},"modified":"2018-02-16T00:45:54","modified_gmt":"2018-02-15T23:45:54","slug":"apres-midi-recreative-a-monclar-de-quercy-82","status":"publish","type":"post","link":"https:\/\/www.o-p-i.fr\/parlonsen\/localisation\/au-pays-des-tescous\/monclar\/apres-midi-recreative-a-monclar-de-quercy-82\/","title":{"rendered":"Apr\u00e8s-midi r\u00e9cr\u00e9ative&#8230; \u00e0 Monclar de Quercy (82)"},"content":{"rendered":"<p><strong>Lundi 19 f\u00e9vrier 2018,<\/strong> de 14h.\u00e0 17h., \u00e0 la Maison de l&rsquo;Enfance.<br \/>\n<!--more--><\/p>\n<p><img data-recalc-dims=\"1\" loading=\"lazy\" decoding=\"async\" class=\"aligncenter size-full wp-image-35036\" src=\"https:\/\/i0.wp.com\/www.o-p-i.fr\/parlonsen\/wp-content\/uploads\/AM-r%C3%A9cr%C3%A9.jpg?resize=709%2C1003&#038;ssl=1\" alt=\"\" width=\"709\" height=\"1003\" srcset=\"https:\/\/i0.wp.com\/www.o-p-i.fr\/parlonsen\/wp-content\/uploads\/AM-r%C3%A9cr%C3%A9.jpg?w=709&amp;ssl=1 709w, https:\/\/i0.wp.com\/www.o-p-i.fr\/parlonsen\/wp-content\/uploads\/AM-r%C3%A9cr%C3%A9.jpg?resize=212%2C300&amp;ssl=1 212w, https:\/\/i0.wp.com\/www.o-p-i.fr\/parlonsen\/wp-content\/uploads\/AM-r%C3%A9cr%C3%A9.jpg?resize=106%2C150&amp;ssl=1 106w, https:\/\/i0.wp.com\/www.o-p-i.fr\/parlonsen\/wp-content\/uploads\/AM-r%C3%A9cr%C3%A9.jpg?resize=400%2C566&amp;ssl=1 400w\" sizes=\"auto, (max-width: 709px) 100vw, 709px\" \/><\/p>\n<p>Information communiqu\u00e9e par St\u00e9phanie MALAURIE<\/p>\n<p><a href=\"https:\/\/www.o-p-i.fr\/parlonsen\/agenda\/\"><strong>Retrouvez tous les \u00e9v\u00e9nements dans l&rsquo;agenda !<\/strong><\/a><\/p>\n","protected":false},"excerpt":{"rendered":"<div class=\"mh-excerpt\">Lundi 19 f\u00e9vrier 2018, de 14h.\u00e0 17h., \u00e0 la Maison de l&rsquo;Enfance.<\/div>\n","protected":false},"author":4,"featured_media":0,"comment_status":"open","ping_status":"open","sticky":false,"template":"","format":"standard","meta":{"om_disable_all_campaigns":false,"advanced_seo_description":"","jetpack_seo_html_title":"","jetpack_seo_noindex":false,"_jetpack_memberships_contains_paid_content":false,"footnotes":"","_links_to":"","_links_to_target":""},"categories":[16,54,3006],"tags":[143,186,3061],"class_list":{"0":"post-35035","1":"post","2":"type-post","3":"status-publish","4":"format-standard","6":"category-monclar","7":"category-loisirs","8":"category-n-143-fevrier-2018","9":"tag-monclar-de-quercy","10":"tag-gouter","11":"tag-maison-de-lenfance"},"jetpack_featured_media_url":"","views":{"total":0,"cached_at":"","cached_date":1738528306},"jetpack_likes_enabled":true,"jetpack_sharing_enabled":true,"jetpack_shortlink":"https:\/\/wp.me\/pg7Wxj-975","jetpack-related-posts":[],"_links":{"self":[{"href":"https:\/\/www.o-p-i.fr\/parlonsen\/wp-json\/wp\/v2\/posts\/35035","targetHints":{"allow":["GET"]}}],"collection":[{"href":"https:\/\/www.o-p-i.fr\/parlonsen\/wp-json\/wp\/v2\/posts"}],"about":[{"href":"https:\/\/www.o-p-i.fr\/parlonsen\/wp-json\/wp\/v2\/types\/post"}],"author":[{"embeddable":true,"href":"https:\/\/www.o-p-i.fr\/parlonsen\/wp-json\/wp\/v2\/users\/4"}],"replies":[{"embeddable":true,"href":"https:\/\/www.o-p-i.fr\/parlonsen\/wp-json\/wp\/v2\/comments?post=35035"}],"version-history":[{"count":0,"href":"https:\/\/www.o-p-i.fr\/parlonsen\/wp-json\/wp\/v2\/posts\/35035\/revisions"}],"wp:attachment":[{"href":"https:\/\/www.o-p-i.fr\/parlonsen\/wp-json\/wp\/v2\/media?parent=35035"}],"wp:term":[{"taxonomy":"category","embeddable":true,"href":"https:\/\/www.o-p-i.fr\/parlonsen\/wp-json\/wp\/v2\/categories?post=35035"},{"taxonomy":"post_tag","embeddable":true,"href":"https:\/\/www.o-p-i.fr\/parlonsen\/wp-json\/wp\/v2\/tags?post=35035"}],"curies":[{"name":"wp","href":"https:\/\/api.w.org\/{rel}","templated":true}]}}