{"id":35090,"date":"2018-02-23T00:51:38","date_gmt":"2018-02-22T23:51:38","guid":{"rendered":"\/parlonsen\/?p=35090"},"modified":"2018-02-23T00:59:05","modified_gmt":"2018-02-22T23:59:05","slug":"la-basilique-oubliee-de-leojac-conference-a-negrepelisse-82","status":"publish","type":"post","link":"https:\/\/www.o-p-i.fr\/parlonsen\/parlons-en\/culture\/la-basilique-oubliee-de-leojac-conference-a-negrepelisse-82\/","title":{"rendered":"\u00ab\u00a0La basilique oubli\u00e9e de L\u00e9ojac\u00a0\u00bb, conf\u00e9rence&#8230;\u00e0 N\u00e8grepelisse (82)"},"content":{"rendered":"<p><strong>Dimanche 4 mars 2018<\/strong>, \u00e0 14h30., \u00e0 La cuisine, au ch\u00e2teau.<!--more--><\/p>\n<p><img data-recalc-dims=\"1\" loading=\"lazy\" decoding=\"async\" class=\"alignright size-full wp-image-35114\" src=\"https:\/\/i0.wp.com\/www.o-p-i.fr\/parlonsen\/wp-content\/uploads\/L%C3%A9ojac.jpg?resize=425%2C332&#038;ssl=1\" alt=\"\" width=\"425\" height=\"332\" srcset=\"https:\/\/i0.wp.com\/www.o-p-i.fr\/parlonsen\/wp-content\/uploads\/L%C3%A9ojac.jpg?w=425&amp;ssl=1 425w, https:\/\/i0.wp.com\/www.o-p-i.fr\/parlonsen\/wp-content\/uploads\/L%C3%A9ojac.jpg?resize=300%2C234&amp;ssl=1 300w, https:\/\/i0.wp.com\/www.o-p-i.fr\/parlonsen\/wp-content\/uploads\/L%C3%A9ojac.jpg?resize=150%2C117&amp;ssl=1 150w, https:\/\/i0.wp.com\/www.o-p-i.fr\/parlonsen\/wp-content\/uploads\/L%C3%A9ojac.jpg?resize=400%2C312&amp;ssl=1 400w\" sizes=\"auto, (max-width: 425px) 100vw, 425px\" \/>Conf\u00e9rence \u00ab La basilique oubli\u00e9e de L\u00e9ojac \u00bb par Luc CORLOUER.<br \/>\nEntr\u00e9e gratuite<\/p>\n<p>La route d\u00e9partementale 70 chemine paisiblement de Montauban jusqu&rsquo;aux confins de Puycelsi.<br \/>\nAu kilom\u00e8tre 10 le regard du promeneur est curieusement attir\u00e9 par une \u00e9glise qui dresse ses membrures comme un vaisseau ayant souffert de la temp\u00eate. A-t-elle connu un incendie ? Est-elle abandonn\u00e9e ? Quelle histoire a-t&rsquo; on v\u00e9cu \u00e0 cet endroit ?<\/p>\n<p>Il s&rsquo;agit de l&rsquo;histoire passionnante de celui qui voulait b\u00e2tir une cath\u00e9drale. L&rsquo;abb\u00e9 Garibaud, figure bien connue de nos parents, voulait y dresser l\u00e0 l&rsquo;\u0153uvre de sa vie. Mais la vie pr\u00e9cis\u00e9ment allait en d\u00e9cider autrement.<\/p>\n<p>En relation avec le roman \u00ab Simon de Montauban \u00bb, \u00e0 travers des photographies in\u00e9dites, des films d&rsquo;\u00e9poque et les t\u00e9moignages de ceux qui ont v\u00e9cu cette aventure, revenons \u00e0 Montauban dans le milieu des ann\u00e9es 30 et ensemble entrons dans l&rsquo;histoire m\u00e9connue de la basilique oubli\u00e9e de L\u00e9ojac.<\/p>\n<p><em>Information communiqu\u00e9e par Robert LINAS<\/em><\/p>\n<p><a href=\"https:\/\/www.o-p-i.fr\/parlonsen\/agenda\/\"><strong>Retrouvez tous les \u00e9v\u00e9nements dans l&rsquo;agenda !<\/strong><\/a><\/p>\n","protected":false},"excerpt":{"rendered":"<div class=\"mh-excerpt\">Dimanche 4 mars 2018, \u00e0 14h30., \u00e0 La cuisine, au ch\u00e2teau.<\/div>\n","protected":false},"author":4,"featured_media":0,"comment_status":"open","ping_status":"open","sticky":false,"template":"","format":"standard","meta":{"om_disable_all_campaigns":false,"advanced_seo_description":"","jetpack_seo_html_title":"","jetpack_seo_noindex":false,"_jetpack_memberships_contains_paid_content":false,"footnotes":"","_links_to":"","_links_to_target":""},"categories":[52,42,1,30,3029],"tags":[2553,100,234,2928,3070],"class_list":{"0":"post-35090","1":"post","2":"type-post","3":"status-publish","4":"format-standard","6":"category-parlons-en","7":"category-a-cote-de-chez-nous","8":"category-culture","9":"category-leojac","10":"category-n-144-mars-2018","11":"tag-leojac","12":"tag-negrepelisse","13":"tag-conference","14":"tag-la-cuisine","15":"tag-basilique"},"jetpack_featured_media_url":"","views":{"total":0,"cached_at":"","cached_date":1738511007},"jetpack_likes_enabled":true,"jetpack_sharing_enabled":true,"jetpack_shortlink":"https:\/\/wp.me\/pg7Wxj-97Y","jetpack-related-posts":[],"_links":{"self":[{"href":"https:\/\/www.o-p-i.fr\/parlonsen\/wp-json\/wp\/v2\/posts\/35090","targetHints":{"allow":["GET"]}}],"collection":[{"href":"https:\/\/www.o-p-i.fr\/parlonsen\/wp-json\/wp\/v2\/posts"}],"about":[{"href":"https:\/\/www.o-p-i.fr\/parlonsen\/wp-json\/wp\/v2\/types\/post"}],"author":[{"embeddable":true,"href":"https:\/\/www.o-p-i.fr\/parlonsen\/wp-json\/wp\/v2\/users\/4"}],"replies":[{"embeddable":true,"href":"https:\/\/www.o-p-i.fr\/parlonsen\/wp-json\/wp\/v2\/comments?post=35090"}],"version-history":[{"count":0,"href":"https:\/\/www.o-p-i.fr\/parlonsen\/wp-json\/wp\/v2\/posts\/35090\/revisions"}],"wp:attachment":[{"href":"https:\/\/www.o-p-i.fr\/parlonsen\/wp-json\/wp\/v2\/media?parent=35090"}],"wp:term":[{"taxonomy":"category","embeddable":true,"href":"https:\/\/www.o-p-i.fr\/parlonsen\/wp-json\/wp\/v2\/categories?post=35090"},{"taxonomy":"post_tag","embeddable":true,"href":"https:\/\/www.o-p-i.fr\/parlonsen\/wp-json\/wp\/v2\/tags?post=35090"}],"curies":[{"name":"wp","href":"https:\/\/api.w.org\/{rel}","templated":true}]}}