{"id":35327,"date":"2018-03-14T17:39:18","date_gmt":"2018-03-14T16:39:18","guid":{"rendered":"\/parlonsen\/?p=35327"},"modified":"2018-03-14T18:02:36","modified_gmt":"2018-03-14T17:02:36","slug":"la-petite-chanson-concert-a-castelnau-de-montmiral-81","status":"publish","type":"post","link":"https:\/\/www.o-p-i.fr\/parlonsen\/localisation\/au-pays-des-tescous\/castelnau\/la-petite-chanson-concert-a-castelnau-de-montmiral-81\/","title":{"rendered":"\u00ab\u00a0La petite chanson\u00a0\u00bb concert \u00e0 Castelnau de Montmiral (81)"},"content":{"rendered":"<p><strong>Samedi 14 avril 2018<\/strong>, \u00e0 20h.30, Bernard Aries \u00e0 la salle des f\u00eates.<br \/>\n<!--more--><\/p>\n<p><img data-recalc-dims=\"1\" loading=\"lazy\" decoding=\"async\" class=\"aligncenter size-full wp-image-35328\" src=\"https:\/\/i0.wp.com\/www.o-p-i.fr\/parlonsen\/wp-content\/uploads\/Aries-1.jpg?resize=709%2C439&#038;ssl=1\" alt=\"\" width=\"709\" height=\"439\" srcset=\"https:\/\/i0.wp.com\/www.o-p-i.fr\/parlonsen\/wp-content\/uploads\/Aries-1.jpg?w=709&amp;ssl=1 709w, https:\/\/i0.wp.com\/www.o-p-i.fr\/parlonsen\/wp-content\/uploads\/Aries-1.jpg?resize=300%2C186&amp;ssl=1 300w, https:\/\/i0.wp.com\/www.o-p-i.fr\/parlonsen\/wp-content\/uploads\/Aries-1.jpg?resize=150%2C93&amp;ssl=1 150w, https:\/\/i0.wp.com\/www.o-p-i.fr\/parlonsen\/wp-content\/uploads\/Aries-1.jpg?resize=400%2C248&amp;ssl=1 400w\" sizes=\"auto, (max-width: 709px) 100vw, 709px\" \/><\/p>\n<p><em>Information communiqu\u00e9e par l&rsquo;<a href=\"http:\/\/association2jol.blogspot.fr\/\" target=\"_blank\" rel=\"noopener noreferrer\">association 2Jol<\/a><\/em><\/p>\n<p><a href=\"https:\/\/www.o-p-i.fr\/parlonsen\/agenda\/\"><strong>Retrouvez tous les \u00e9v\u00e9nements dans l&rsquo;agenda !<\/strong><\/a><\/p>\n","protected":false},"excerpt":{"rendered":"<div class=\"mh-excerpt\">Samedi 14 avril 2018, \u00e0 20h.30, Bernard Aries \u00e0 la salle des f\u00eates.<\/div>\n","protected":false},"author":4,"featured_media":0,"comment_status":"open","ping_status":"open","sticky":false,"template":"","format":"standard","meta":{"om_disable_all_campaigns":false,"advanced_seo_description":"","jetpack_seo_html_title":"","jetpack_seo_noindex":false,"_jetpack_memberships_contains_paid_content":false,"footnotes":"","_links_to":"","_links_to_target":""},"categories":[22,54,3066],"tags":[43,158,1795],"class_list":{"0":"post-35327","1":"post","2":"type-post","3":"status-publish","4":"format-standard","6":"category-castelnau","7":"category-loisirs","8":"category-n-145-avril-2018-numero-de-journal","9":"tag-concert","10":"tag-castelnau-de-montmiral","11":"tag-chanson-francaise"},"jetpack_featured_media_url":"","views":{"total":0,"cached_at":"","cached_date":1738511121},"jetpack_likes_enabled":true,"jetpack_sharing_enabled":true,"jetpack_shortlink":"https:\/\/wp.me\/pg7Wxj-9bN","jetpack-related-posts":[],"_links":{"self":[{"href":"https:\/\/www.o-p-i.fr\/parlonsen\/wp-json\/wp\/v2\/posts\/35327","targetHints":{"allow":["GET"]}}],"collection":[{"href":"https:\/\/www.o-p-i.fr\/parlonsen\/wp-json\/wp\/v2\/posts"}],"about":[{"href":"https:\/\/www.o-p-i.fr\/parlonsen\/wp-json\/wp\/v2\/types\/post"}],"author":[{"embeddable":true,"href":"https:\/\/www.o-p-i.fr\/parlonsen\/wp-json\/wp\/v2\/users\/4"}],"replies":[{"embeddable":true,"href":"https:\/\/www.o-p-i.fr\/parlonsen\/wp-json\/wp\/v2\/comments?post=35327"}],"version-history":[{"count":0,"href":"https:\/\/www.o-p-i.fr\/parlonsen\/wp-json\/wp\/v2\/posts\/35327\/revisions"}],"wp:attachment":[{"href":"https:\/\/www.o-p-i.fr\/parlonsen\/wp-json\/wp\/v2\/media?parent=35327"}],"wp:term":[{"taxonomy":"category","embeddable":true,"href":"https:\/\/www.o-p-i.fr\/parlonsen\/wp-json\/wp\/v2\/categories?post=35327"},{"taxonomy":"post_tag","embeddable":true,"href":"https:\/\/www.o-p-i.fr\/parlonsen\/wp-json\/wp\/v2\/tags?post=35327"}],"curies":[{"name":"wp","href":"https:\/\/api.w.org\/{rel}","templated":true}]}}