{"id":35355,"date":"2018-03-15T11:18:33","date_gmt":"2018-03-15T10:18:33","guid":{"rendered":"\/parlonsen\/?p=35355"},"modified":"2018-03-15T11:18:33","modified_gmt":"2018-03-15T10:18:33","slug":"initiation-a-linformatique-a-fronton-31","status":"publish","type":"post","link":"https:\/\/www.o-p-i.fr\/parlonsen\/parlons-en\/pratique\/initiation-a-linformatique-a-fronton-31\/","title":{"rendered":"Initiation \u00e0 l&rsquo;informatique&#8230;\u00e0 Fronton (31)"},"content":{"rendered":"<p>D\u00e8s le<strong> 1 mars 2018,<\/strong> le jeudi matin \u00e0 la m\u00e9diath\u00e8que<br \/>\n<!--more--><img data-recalc-dims=\"1\" loading=\"lazy\" decoding=\"async\" class=\"alignright wp-image-35356 size-medium\" src=\"https:\/\/i0.wp.com\/www.o-p-i.fr\/parlonsen\/wp-content\/uploads\/fronton.jpg?resize=212%2C300&#038;ssl=1\" alt=\"\" width=\"212\" height=\"300\" srcset=\"https:\/\/i0.wp.com\/www.o-p-i.fr\/parlonsen\/wp-content\/uploads\/fronton.jpg?resize=212%2C300&amp;ssl=1 212w, https:\/\/i0.wp.com\/www.o-p-i.fr\/parlonsen\/wp-content\/uploads\/fronton.jpg?resize=106%2C150&amp;ssl=1 106w, https:\/\/i0.wp.com\/www.o-p-i.fr\/parlonsen\/wp-content\/uploads\/fronton.jpg?resize=400%2C566&amp;ssl=1 400w, https:\/\/i0.wp.com\/www.o-p-i.fr\/parlonsen\/wp-content\/uploads\/fronton.jpg?w=440&amp;ssl=1 440w\" sizes=\"auto, (max-width: 212px) 100vw, 212px\" \/>Courses, d\u00e9marches administratives, communiquer avec nos amis\u2026 l\u2019ordinateur est devenu un outil indispensable de notre quotidien. Vous ne vous sentez pas \u00e0 l\u2019aise devant l\u2019\u00e9cran ? La souris ne vous sourit pas ? Rassurez-vous, la M\u00e9diath\u00e8que est l\u00e0 pour vous aider !<\/p>\n<p>D\u00e8s le 1er mars 2018, la M\u00e9diath\u00e8que vous propose un programme d\u2019initiation \u00e0 l\u2019informatique par groupes de 4 \u00e0 8 personnes. Apr\u00e8s 6 s\u00e9ances d\u2019une heure et demie le jeudi matin de 10h30 \u00e0 12h00, vous aurez acquis l\u2019essentiel pour piloter votre ordinateur et voyager sans crainte sur Internet.<\/p>\n<p>Les cours sont gratuits pour toute personne ayant adh\u00e9r\u00e9 \u00e0 la M\u00e9diath\u00e8que.<\/p>\n<p>Pour tout renseignement, contactez la M\u00e9diath\u00e8que :<br \/>\n36, rue Alain de Falgui\u00e8res, 31620 Fronton I 05 62 79 62 45<\/p>\n<p><strong><a href=\"http:\/\/www.bm-fronton.fr\/search.php?action=Accueil\">Site de la M\u00e9diath\u00e8que, cliquez<\/a><\/strong><\/p>\n<p>Courriel: <a href=\"mailto:contact@bm-fronton.fr\"><strong>contact@bm-fronton.fr<\/strong><\/a><\/p>\n<p><em>Information communiqu\u00e9e par la M\u00e9dith\u00e8que<\/em><\/p>\n<p><a href=\"https:\/\/www.o-p-i.fr\/parlonsen\/agenda\/\"><strong>Retrouvez tous les \u00e9v\u00e9nements dans l&rsquo;agenda !<\/strong><\/a><\/p>\n","protected":false},"excerpt":{"rendered":"<div class=\"mh-excerpt\">D\u00e8s le 1 mars 2018, le jeudi matin \u00e0 la m\u00e9diath\u00e8que<\/div>\n","protected":false},"author":4,"featured_media":0,"comment_status":"open","ping_status":"open","sticky":false,"template":"","format":"standard","meta":{"om_disable_all_campaigns":false,"advanced_seo_description":"","jetpack_seo_html_title":"","jetpack_seo_noindex":false,"_jetpack_memberships_contains_paid_content":false,"footnotes":"","_links_to":"","_links_to_target":""},"categories":[42,725,6,3029],"tags":[1514,1684,3020,3103],"class_list":{"0":"post-35355","1":"post","2":"type-post","3":"status-publish","4":"format-standard","6":"category-a-cote-de-chez-nous","7":"category-formation-parlons-en","8":"category-pratique","9":"category-n-144-mars-2018","10":"tag-mediatheque","11":"tag-fronton","12":"tag-atelier-informatique","13":"tag-initiation-informatique"},"jetpack_featured_media_url":"","views":{"total":0,"cached_at":"","cached_date":1738511149},"jetpack_likes_enabled":true,"jetpack_sharing_enabled":true,"jetpack_shortlink":"https:\/\/wp.me\/pg7Wxj-9cf","jetpack-related-posts":[],"_links":{"self":[{"href":"https:\/\/www.o-p-i.fr\/parlonsen\/wp-json\/wp\/v2\/posts\/35355","targetHints":{"allow":["GET"]}}],"collection":[{"href":"https:\/\/www.o-p-i.fr\/parlonsen\/wp-json\/wp\/v2\/posts"}],"about":[{"href":"https:\/\/www.o-p-i.fr\/parlonsen\/wp-json\/wp\/v2\/types\/post"}],"author":[{"embeddable":true,"href":"https:\/\/www.o-p-i.fr\/parlonsen\/wp-json\/wp\/v2\/users\/4"}],"replies":[{"embeddable":true,"href":"https:\/\/www.o-p-i.fr\/parlonsen\/wp-json\/wp\/v2\/comments?post=35355"}],"version-history":[{"count":0,"href":"https:\/\/www.o-p-i.fr\/parlonsen\/wp-json\/wp\/v2\/posts\/35355\/revisions"}],"wp:attachment":[{"href":"https:\/\/www.o-p-i.fr\/parlonsen\/wp-json\/wp\/v2\/media?parent=35355"}],"wp:term":[{"taxonomy":"category","embeddable":true,"href":"https:\/\/www.o-p-i.fr\/parlonsen\/wp-json\/wp\/v2\/categories?post=35355"},{"taxonomy":"post_tag","embeddable":true,"href":"https:\/\/www.o-p-i.fr\/parlonsen\/wp-json\/wp\/v2\/tags?post=35355"}],"curies":[{"name":"wp","href":"https:\/\/api.w.org\/{rel}","templated":true}]}}