{"id":35358,"date":"2018-03-15T12:54:12","date_gmt":"2018-03-15T11:54:12","guid":{"rendered":"\/parlonsen\/?p=35358"},"modified":"2018-03-15T20:26:04","modified_gmt":"2018-03-15T19:26:04","slug":"les-theatrales-en-quercy-vert-a-la-salvetat-belmontet-82-3","status":"publish","type":"post","link":"https:\/\/www.o-p-i.fr\/parlonsen\/localisation\/au-pays-des-tescous\/salvetat\/les-theatrales-en-quercy-vert-a-la-salvetat-belmontet-82-3\/","title":{"rendered":"Les Th\u00e9\u00e2trales en Quercy Vert&#8230; \u00e0 La Salvetat Belmontet (82)"},"content":{"rendered":"<p><strong>Vendredi 6, samedi 7 et dimanche 8 avril 2018<\/strong>, \u00e0 la salle de Saint Caprais. <!--more-->Festival de Th\u00e9\u00e2tre 23\u00e8me \u00e9dition.<br \/>\n<img data-recalc-dims=\"1\" loading=\"lazy\" decoding=\"async\" class=\"alignright size-full wp-image-35359\" src=\"https:\/\/i0.wp.com\/www.o-p-i.fr\/parlonsen\/wp-content\/uploads\/Florimont-1.jpg?resize=340%2C193&#038;ssl=1\" alt=\"\" width=\"340\" height=\"193\" srcset=\"https:\/\/i0.wp.com\/www.o-p-i.fr\/parlonsen\/wp-content\/uploads\/Florimont-1.jpg?w=340&amp;ssl=1 340w, https:\/\/i0.wp.com\/www.o-p-i.fr\/parlonsen\/wp-content\/uploads\/Florimont-1.jpg?resize=300%2C170&amp;ssl=1 300w, https:\/\/i0.wp.com\/www.o-p-i.fr\/parlonsen\/wp-content\/uploads\/Florimont-1.jpg?resize=150%2C85&amp;ssl=1 150w\" sizes=\"auto, (max-width: 340px) 100vw, 340px\" \/>3 soir\u00e9es de d\u00e9tente :<\/p>\n<ul>\n<li><strong>Vendredi 6 avril 2018<\/strong> \u00e0 21h<strong> \u00ab\u00a0Mission Florimont\u00a0\u00bb<\/strong> par la compagnie \u00ab\u00a0Harmonies\u00a0\u00bb de Villaudric.<br \/>\nCom\u00e9die hilarante,l\u00e9g\u00e8rement d\u00e9cal\u00e9e. En 1534, le roi Fran\u00e7ois 1\u00b0 confie une mission \u00e0 Florimont de la Courneuve, le meilleur de ses agents\u2026 enfin de ceux qui lui restent\u2026 enfin, le seul qui lui reste. Objectif : Constantinople\u2026 Mais la route est sem\u00e9e d\u2019embuches, les rencontres dangereuses voire amoureuse \u2026 Bref, un morceau d\u2019histoire de France revu et visit\u00e9 avec humour et chansons<br \/>\nUne com\u00e9die de Sacha Danino et S\u00e9bastien Azzopardi<br \/>\nAvec : Fabienne Amadis, G\u00e9rard Antagnac, Myl\u00e8ne Camus, Aur\u00e9lie Chaussoy, Chantal Horeau-Vassal, Olivier Kippeurt, Fabrice Mathieu, Romain Teulier, Marion Vassal, Jean Paul Vassal<br \/>\nMise en sc\u00e8ne : Chantal Horeau-Vassal<\/li>\n<li><strong><img data-recalc-dims=\"1\" loading=\"lazy\" decoding=\"async\" class=\"alignleft size-full wp-image-35361\" src=\"https:\/\/i0.wp.com\/www.o-p-i.fr\/parlonsen\/wp-content\/uploads\/panique.jpg?resize=225%2C137&#038;ssl=1\" alt=\"\" width=\"225\" height=\"137\" srcset=\"https:\/\/i0.wp.com\/www.o-p-i.fr\/parlonsen\/wp-content\/uploads\/panique.jpg?w=225&amp;ssl=1 225w, https:\/\/i0.wp.com\/www.o-p-i.fr\/parlonsen\/wp-content\/uploads\/panique.jpg?resize=150%2C91&amp;ssl=1 150w\" sizes=\"auto, (max-width: 225px) 100vw, 225px\" \/>Samedi 7 avril<\/strong> \u00e0 21h <strong>\u00ab\u00a0Panique au Minist\u00e8re\u00a0\u00bb<\/strong> par la compagnie \u00ab\u00a0Les AJT\u00a0\u00bb de Toulouse.<br \/>\n1er prix au printemps du rire de Toulouse. C\u2019est la panique au minist\u00e8re de l\u2019Education Nationale ! Louis, le Ministre, lunaire, hors des r\u00e9alit\u00e9s et compl\u00e8tement largu\u00e9 se trouve confront\u00e9 \u00e0 : Michelle, sa femme, exigeante et insistante, Gabrielle, sa chef de cabinet, dont la rigueur en fait une gestionnaire \u00e0 plein temps de toutes les situations additionnelles, Sarah, la fille, en qu\u00eate d\u2019ind\u00e9pendance et C\u00e9cile, la m\u00e8re \u00e9nergique, d\u00e9jant\u00e9e et intenable croqueuse d\u2019hommes \u2026<br \/>\nL\u2019arriv\u00e9e d\u2019Eric, homme de m\u00e9nage de 20 ans le cadet de Gabrielle, va faire voler en \u00e9clats tout cet univers et va semer la panique au minist\u00e8re !<\/li>\n<li><strong><img data-recalc-dims=\"1\" loading=\"lazy\" decoding=\"async\" class=\"alignright size-full wp-image-35363\" src=\"https:\/\/i0.wp.com\/www.o-p-i.fr\/parlonsen\/wp-content\/uploads\/Voisines.jpg?resize=283%2C256&#038;ssl=1\" alt=\"\" width=\"283\" height=\"256\" srcset=\"https:\/\/i0.wp.com\/www.o-p-i.fr\/parlonsen\/wp-content\/uploads\/Voisines.jpg?w=283&amp;ssl=1 283w, https:\/\/i0.wp.com\/www.o-p-i.fr\/parlonsen\/wp-content\/uploads\/Voisines.jpg?resize=150%2C136&amp;ssl=1 150w\" sizes=\"auto, (max-width: 283px) 100vw, 283px\" \/>Dimanche 8 avril<\/strong> \u00e0 17 h <strong>\u00ab\u00a0Les Voisines\u00a0\u00bb<\/strong> par la compagnie \u00ab\u00a0Abisto\u00a0\u00bb de Toulouse.<br \/>\nUne com\u00e9die remplie de vie et d&rsquo;humanit\u00e9&#8230;.Dans un immeuble de cit\u00e9 entre 20\u00e8me et 21\u00e8me si\u00e8cle, 6 voisines se retrouvent un peu par hasard chez \u00ab Pamela coiffure boutique domicile \u00bb autour d\u2019une mise en plis inachev\u00e9e et d\u2019un chat disparu. Les g\u00e9n\u00e9rations et les cultures se m\u00ealent et s\u2019entrem\u00ealent. Cet appartement agit un peu comme une tour de contr\u00f4le : on y voit tout, on y sait tout et le reste \u2026 on le devine ! Bref comme dirait Maria-Dolor\u00e8s ; \u00ab Nous, on ne m\u00e9dit pas : on s\u2019int\u00e9resse. \u00bb<br \/>\nUn texte de Nathalie Albar<br \/>\nAvec : Juliette Bessi\u00e8re, Pascal Blanchois, Sophie Boyer, St\u00e9phanie Cousini\u00e9, Lydia Franco, Farida M\u00e9rabet<br \/>\nR\u00e9gie : Myriam F\u00e9riani, Marion Tognan<br \/>\nMise en sc\u00e8ne : Nathalie Albar<\/li>\n<\/ul>\n<p>Pour t\u00e9l\u00e9charger le programme, cliquez :<strong><a href=\"https:\/\/www.o-p-i.fr\/parlonsen\/wp-content\/uploads\/Theatre-Monclarais-La-Salvetat.pdf\">Theatre Monclarais La Salvetat<\/a><\/strong><\/p>\n<p><strong>Pour y aller :<br \/>\n<\/strong>Salle de St.Caprais<br \/>\n82230-La Salvetat-Belmontet<\/p>\n<p><strong>Tarifs :\u00a0<\/strong>Adulte :8 euros Enfant :Gratuit moins de 12 ans R\u00e9duit :5 euros<\/p>\n<p><strong> Organisateur : <\/strong><a href=\"https:\/\/fncta-midipy.fr\/theatre-en-pays-monclarais\/\" target=\"_blank\" rel=\"noopener noreferrer\">Association Th\u00e9\u00e2tre en Pays Monclarais<\/a><\/p>\n<p><strong> Contact : <\/strong>Mr Bordja Michel 05 63 30 47 31<br \/>\n264 vc1 de Belmontet<br \/>\n82230-La Salvetat-Belmontet<\/p>\n<p><em>Information communiqu\u00e9e par<\/em> <em>\u00a0Christian MOUYEN\u00a0<\/em><\/p>\n<p><a href=\"https:\/\/www.o-p-i.fr\/parlonsen\/agenda\/\"><strong>Retrouvez tous les \u00e9v\u00e9nements dans l&rsquo;agenda !<\/strong><\/a><\/p>\n<p>&nbsp;<\/p>\n","protected":false},"excerpt":{"rendered":"<div class=\"mh-excerpt\">Vendredi 6, samedi 7 et dimanche 8 avril 2018, \u00e0 la salle de Saint Caprais.<\/div>\n","protected":false},"author":4,"featured_media":0,"comment_status":"open","ping_status":"open","sticky":false,"template":"","format":"standard","meta":{"om_disable_all_campaigns":false,"advanced_seo_description":"","jetpack_seo_html_title":"","jetpack_seo_noindex":false,"_jetpack_memberships_contains_paid_content":false,"footnotes":"","_links_to":"","_links_to_target":""},"categories":[52,34,54,3066],"tags":[57,181,596,3104],"class_list":{"0":"post-35358","1":"post","2":"type-post","3":"status-publish","4":"format-standard","6":"category-parlons-en","7":"category-salvetat","8":"category-loisirs","9":"category-n-145-avril-2018-numero-de-journal","10":"tag-theatre","11":"tag-la-salvetat-belmontet","12":"tag-saint-caprais","13":"tag-festival-de-theatre"},"jetpack_featured_media_url":"","views":{"total":1,"cached_at":"","cached_date":1738511160},"jetpack_likes_enabled":true,"jetpack_sharing_enabled":true,"jetpack_shortlink":"https:\/\/wp.me\/pg7Wxj-9ci","jetpack-related-posts":[],"_links":{"self":[{"href":"https:\/\/www.o-p-i.fr\/parlonsen\/wp-json\/wp\/v2\/posts\/35358","targetHints":{"allow":["GET"]}}],"collection":[{"href":"https:\/\/www.o-p-i.fr\/parlonsen\/wp-json\/wp\/v2\/posts"}],"about":[{"href":"https:\/\/www.o-p-i.fr\/parlonsen\/wp-json\/wp\/v2\/types\/post"}],"author":[{"embeddable":true,"href":"https:\/\/www.o-p-i.fr\/parlonsen\/wp-json\/wp\/v2\/users\/4"}],"replies":[{"embeddable":true,"href":"https:\/\/www.o-p-i.fr\/parlonsen\/wp-json\/wp\/v2\/comments?post=35358"}],"version-history":[{"count":0,"href":"https:\/\/www.o-p-i.fr\/parlonsen\/wp-json\/wp\/v2\/posts\/35358\/revisions"}],"wp:attachment":[{"href":"https:\/\/www.o-p-i.fr\/parlonsen\/wp-json\/wp\/v2\/media?parent=35358"}],"wp:term":[{"taxonomy":"category","embeddable":true,"href":"https:\/\/www.o-p-i.fr\/parlonsen\/wp-json\/wp\/v2\/categories?post=35358"},{"taxonomy":"post_tag","embeddable":true,"href":"https:\/\/www.o-p-i.fr\/parlonsen\/wp-json\/wp\/v2\/tags?post=35358"}],"curies":[{"name":"wp","href":"https:\/\/api.w.org\/{rel}","templated":true}]}}